{"id":3446,"date":"2021-11-07T11:52:31","date_gmt":"2021-11-07T11:52:31","guid":{"rendered":"http:\/\/fetrib.com\/web\/?p=3446"},"modified":"2021-11-07T11:52:31","modified_gmt":"2021-11-07T11:52:31","slug":"tous-y-wager-protagonistas-en-el-campeonato-del-mundo-de-duatlon-disputado-en-aviles","status":"publish","type":"post","link":"https:\/\/fetrib.com\/web\/2021\/11\/07\/tous-y-wager-protagonistas-en-el-campeonato-del-mundo-de-duatlon-disputado-en-aviles\/","title":{"rendered":"Tous y W\u00e4ger protagonistas en el Campeonato del Mundo de Duatl\u00f3n disputado en Avil\u00e9s."},"content":{"rendered":"<p style=\"text-align: left;\">\n<em>El campeonato del mundo de Duatl\u00f3n se ha disputado en la ciudad espa\u00f1ola de Avil\u00e9s sobre la distancia standard de 10km de carrera a pie, 40km de ciclismo con drafting y otros 5km de carrera a pie, que definir\u00edan los t\u00edtulos mundiales de 2021.<\/em><br \/>\nA primera hora de la tarde se di\u00f3 la salida a una abierta prueba femenina elite con la presencia de Xisca Tous, que estuvo en el grupo de cabeza durante toda la prueba, finalizando en 9\u00b0posici\u00f3n final y culminando as\u00ed una excelente temporada y ya con las miradas puestas en un prometedor 2022. Joselyn Brea, duatleta con licencia con el club Balear, Ada Calvia, se ha adjudicado el t\u00edtulo.<br \/>\nLa prueba masculina tambi\u00e9n puso en juego el t\u00edtulo en categoria sub23 donde el represante balear Joan W\u00e4ger, miembro del centro de tecnificaci\u00f3n illes balears y entrenado por Guillem Soler y Biel Gacias, se ha metido en carrera desde los primeros metros, consiguiendo una meritoria medalla de plata y subcampeonato Mundial en sub23. El t\u00edtulo absoluto fue para el frances Nathan Guerbeur.<br \/>\nExito tambien de Alejandro S\u00e1nchez Palomero, medalla de bronce en el Campeonato del Mundo de Paratriatl\u00f3n cat Pt3 disputado en Abu Dabi.<\/p>\n<p><a href=\"http:\/\/fetrib.com\/web\/wp-content\/uploads\/2021\/11\/IMG-20211106-WA0024.jpg\"><img loading=\"lazy\" decoding=\"async\" class=\"alignleft size-full wp-image-3450\" src=\"http:\/\/fetrib.com\/web\/wp-content\/uploads\/2021\/11\/IMG-20211106-WA0024.jpg\" alt=\"\" width=\"602\" height=\"480\" srcset=\"https:\/\/fetrib.com\/web\/wp-content\/uploads\/2021\/11\/IMG-20211106-WA0024.jpg 602w, https:\/\/fetrib.com\/web\/wp-content\/uploads\/2021\/11\/IMG-20211106-WA0024-300x239.jpg 300w\" sizes=\"auto, (max-width: 602px) 100vw, 602px\" \/><\/a><\/p>\n","protected":false},"excerpt":{"rendered":"<p>El campeonato del mundo de Duatl\u00f3n se ha disputado en la ciudad espa\u00f1ola de Avil\u00e9s sobre la distancia standard de 10km de carrera a pie, 40km de ciclismo con drafting y otros 5km de carrera a pie, que definir\u00edan los t\u00edtulos mundiales de 2021. A primera hora de la tarde se di\u00f3 la salida a &#8230;<\/p>\n","protected":false},"author":1,"featured_media":3449,"comment_status":"closed","ping_status":"open","sticky":false,"template":"","format":"standard","meta":{"_uag_custom_page_level_css":"","footnotes":""},"categories":[1],"tags":[],"class_list":["post-3446","post","type-post","status-publish","format-standard","has-post-thumbnail","hentry","category-general"],"uagb_featured_image_src":{"full":["https:\/\/fetrib.com\/web\/wp-content\/uploads\/2021\/11\/Screenshot_20211107_125105.jpg",1080,1052,false],"thumbnail":["https:\/\/fetrib.com\/web\/wp-content\/uploads\/2021\/11\/Screenshot_20211107_125105-150x150.jpg",150,150,true],"medium":["https:\/\/fetrib.com\/web\/wp-content\/uploads\/2021\/11\/Screenshot_20211107_125105-300x292.jpg",300,292,true],"medium_large":["https:\/\/fetrib.com\/web\/wp-content\/uploads\/2021\/11\/Screenshot_20211107_125105-768x748.jpg",620,604,true],"large":["https:\/\/fetrib.com\/web\/wp-content\/uploads\/2021\/11\/Screenshot_20211107_125105-1024x997.jpg",620,604,true],"1536x1536":["https:\/\/fetrib.com\/web\/wp-content\/uploads\/2021\/11\/Screenshot_20211107_125105.jpg",1080,1052,false],"2048x2048":["https:\/\/fetrib.com\/web\/wp-content\/uploads\/2021\/11\/Screenshot_20211107_125105.jpg",1080,1052,false],"tie-small":["https:\/\/fetrib.com\/web\/wp-content\/uploads\/2021\/11\/Screenshot_20211107_125105-70x70.jpg",70,70,true],"tie-large":["https:\/\/fetrib.com\/web\/wp-content\/uploads\/2021\/11\/Screenshot_20211107_125105-300x160.jpg",300,160,true],"slider":["https:\/\/fetrib.com\/web\/wp-content\/uploads\/2021\/11\/Screenshot_20211107_125105-620x330.jpg",620,330,true]},"uagb_author_info":{"display_name":"admin","author_link":"https:\/\/fetrib.com\/web\/author\/admin\/"},"uagb_comment_info":0,"uagb_excerpt":"El campeonato del mundo de Duatl\u00f3n se ha disputado en la ciudad espa\u00f1ola de Avil\u00e9s sobre la distancia standard de 10km de carrera a pie, 40km de ciclismo con drafting y otros 5km de carrera a pie, que definir\u00edan los t\u00edtulos mundiales de 2021. A primera hora de la tarde se di\u00f3 la salida a&hellip;","_links":{"self":[{"href":"https:\/\/fetrib.com\/web\/wp-json\/wp\/v2\/posts\/3446","targetHints":{"allow":["GET"]}}],"collection":[{"href":"https:\/\/fetrib.com\/web\/wp-json\/wp\/v2\/posts"}],"about":[{"href":"https:\/\/fetrib.com\/web\/wp-json\/wp\/v2\/types\/post"}],"author":[{"embeddable":true,"href":"https:\/\/fetrib.com\/web\/wp-json\/wp\/v2\/users\/1"}],"replies":[{"embeddable":true,"href":"https:\/\/fetrib.com\/web\/wp-json\/wp\/v2\/comments?post=3446"}],"version-history":[{"count":2,"href":"https:\/\/fetrib.com\/web\/wp-json\/wp\/v2\/posts\/3446\/revisions"}],"predecessor-version":[{"id":3903,"href":"https:\/\/fetrib.com\/web\/wp-json\/wp\/v2\/posts\/3446\/revisions\/3903"}],"wp:featuredmedia":[{"embeddable":true,"href":"https:\/\/fetrib.com\/web\/wp-json\/wp\/v2\/media\/3449"}],"wp:attachment":[{"href":"https:\/\/fetrib.com\/web\/wp-json\/wp\/v2\/media?parent=3446"}],"wp:term":[{"taxonomy":"category","embeddable":true,"href":"https:\/\/fetrib.com\/web\/wp-json\/wp\/v2\/categories?post=3446"},{"taxonomy":"post_tag","embeddable":true,"href":"https:\/\/fetrib.com\/web\/wp-json\/wp\/v2\/tags?post=3446"}],"curies":[{"name":"wp","href":"https:\/\/api.w.org\/{rel}","templated":true}]}}