{"id":345,"date":"2013-09-30T08:46:00","date_gmt":"2013-09-30T08:46:00","guid":{"rendered":"http:\/\/www.fetrib.com\/web2018\/news\/latest-news\/triatlo-lets-tri-pollenca\/"},"modified":"2013-09-30T08:46:00","modified_gmt":"2013-09-30T08:46:00","slug":"triatlo-lets-tri-pollenca","status":"publish","type":"post","link":"https:\/\/fetrib.com\/web\/2013\/09\/30\/triatlo-lets-tri-pollenca\/","title":{"rendered":"Triatl\u00f3 LET&#8217;s TRI Pollen\u00e7a"},"content":{"rendered":"<p style=\"text-align: center;\"><span id=\"result_box\" lang=\"ca\"><span class=\"hps\"><img decoding=\"async\" src=\"images\/stories\/lb5n3417.jpg\" border=\"0\" width=\"75%\" \/><\/span><\/span><\/p>\n<p><span id=\"result_box\" lang=\"ca\"><span class=\"hps\">Prop de 200<\/span> <span class=\"hps\">triatletes<\/span> <span class=\"hps\">van prendre la<\/span> <span class=\"hps\">sortida<\/span> <span class=\"hps\">aquest dissabte a la<\/span> <span class=\"hps\">primera edici\u00f3 del<\/span> <span class=\"hps\">Triatl\u00f3<\/span> <span class=\"hps\">LET<\/span>&#8216;<span class=\"hps\">s<\/span> <span class=\"hps\">TRI <\/span><span class=\"hps\">Pollen\u00e7a<\/span> <span class=\"hps\">des de<\/span> <span class=\"hps\">la platja<\/span> <span class=\"hps\">de Llenaire<\/span><span>,<\/span> <span class=\"hps\">afrontant els<\/span> <span class=\"hps\">1900m<\/span> <span class=\"hps\">de nataci\u00f3<\/span> <span class=\"hps\">a una sola <\/span><span class=\"hps\">volta,<\/span> <span class=\"hps\">dins la badia<\/span> <span class=\"hps\">de Pollen\u00e7a<\/span><span>.  <!--more-->  <\/span><\/span><\/p>\n<p><span id=\"result_box\" lang=\"ca\"><span class=\"hps\">A causa de la<\/span> <span class=\"hps\">baixa<\/span> <span class=\"hps\">per malaltia de<\/span> <span class=\"hps\">Little<\/span> <span class=\"hps\">George<\/span> <span class=\"hps atn\">(<\/span><span>principal favorit<\/span><span>)<\/span><span>,<\/span> <span class=\"hps\">els<\/span> <span class=\"hps\">primers<\/span> <span class=\"hps\">triatletes<\/span> <span class=\"hps atn\">a sortir de l&#8217;<\/span><span class=\"hps\">aigua van ser<\/span> <span class=\"hps\">Carlos L\u00f3pez, Rodrigo Chaves<\/span> <span class=\"hps\">i Miguel \u00c1ngel<\/span> <span class=\"hps\">Fidalgo<\/span> <span class=\"hps\">que afrontaren<\/span><span class=\"hps\"> la<\/span> <span class=\"hps\">primera zona<\/span> <span class=\"hps\">de transici\u00f3 i <\/span><span class=\"hps\">iniciaren els<\/span> <span class=\"hps\">60km<\/span> <span class=\"hps\">de ciclisme<\/span> <span class=\"hps\">que discorrien<\/span> <span class=\"hps\">per <\/span><span class=\"hps\">unes<\/span> <span class=\"hps\">de les<\/span> <span class=\"hps\">carreteres<\/span> <span class=\"hps\">m\u00e9s<\/span> <span class=\"hps\">belles de Mallorca <\/span><span class=\"hps\">passant<\/span> <span class=\"hps\">pels<\/span> <span class=\"hps\">termes de:<\/span> <span class=\"hps\">Pollen\u00e7a<\/span><span>,<\/span> <span class=\"hps\">Campanet<\/span><span>,<\/span> <span class=\"hps\">Selva<\/span><span>,<\/span> <span class=\"hps\">Caimari<\/span> <span class=\"hps\">i Escorca<\/span><span class=\"atn\">&#8211;<\/span><span>Lluc per<\/span> <span class=\"hps\">baixar<\/span> <span class=\"hps\">per e<\/span><span class=\"hps\">l Coll de<\/span> <span class=\"hps\">Femenia<\/span>, <span class=\"hps\">arribant a la<\/span> <span class=\"hps\">segona \u00e0rea<\/span> <span class=\"hps\">de transici\u00f3<\/span> <span class=\"hps\">situada<\/span> <span class=\"hps\">al Poliesportiu de<\/span> <span class=\"hps\">Pollen\u00e7a<\/span><span>.<\/span><\/span><\/p>\n<p><span id=\"result_box\" lang=\"ca\"><span class=\"hps\">Un cop<\/span> <span class=\"hps\">abandonat<\/span> <span class=\"hps\">el segment<\/span> <span class=\"hps\">ciclista els<\/span> <span class=\"hps\">triatletes<\/span> <span class=\"hps\">havien d&#8217;afrontar<\/span> <span class=\"hps\">el veritable<\/span> <span class=\"hps\">repte d&#8217;aquesta <\/span><span class=\"hps\">prova<\/span> <span class=\"hps\">en el tram de<\/span> <span class=\"hps\">cursa a<\/span> <span class=\"hps\">peu de<\/span> <span class=\"hps\">10km<\/span><span>: El Puig<\/span> <span class=\"hps\">de Maria. <\/span><span class=\"hps\">Amb un<\/span> <span class=\"hps\">desnivell de<\/span> <span class=\"hps\">300m<\/span> <span class=\"hps\">en nom\u00e9s<\/span> <span class=\"hps\">2 km i<\/span> <span class=\"hps\">amb un<\/span> <span class=\"hps\">tram<\/span> <span class=\"hps\">d&#8217;empedrat<\/span> <span class=\"hps\">molt t\u00e8cnic<\/span> <span class=\"hps\">les<\/span> <span class=\"hps\">posicions<\/span><br \/><span class=\"hps\">variar<\/span>en <span class=\"hps\">considerablement<\/span> <span class=\"hps\">ja que Miguel<\/span> <span class=\"hps\">Cap\u00f3<\/span> <span class=\"hps\">remuntar<\/span> <span class=\"hps\">m\u00e9s<\/span> <span class=\"hps\">de 5m<\/span> <span class=\"hps\">per acabar<\/span> <span class=\"hps\">segon<\/span><span>.<\/span><\/span><\/p>\n<p><span id=\"result_box\" lang=\"ca\">Guanyadors de la prova<\/span>:<\/p>\n<p>Mascul\u00ed<\/p>\n<p>1\u00ba Miguel \u00c1ngel Fidalgo. Mallorca Training M3T<\/p>\n<p>2\u00ba Miquel Cap\u00f3<\/p>\n<p>3\u00ba Carlos Lopez. CE Ciclos Gomila<\/p>\n<p>Femen\u00ed<\/p>\n<p>1\u00ba Lola Fernandez<\/p>\n<p>2\u00ba Laura Brunot<\/p>\n<p>3\u00ba Helena Bellini. Meam si Torn<\/p>\n","protected":false},"excerpt":{"rendered":"<p>Prop de 200 triatletes van prendre la sortida aquest dissabte a la primera edici\u00f3 del Triatl\u00f3 LET&#8216;s TRI Pollen\u00e7a des de la platja de Llenaire, afrontant els 1900m de nataci\u00f3 a una sola volta, dins la badia de Pollen\u00e7a.<\/p>\n","protected":false},"author":1,"featured_media":0,"comment_status":"open","ping_status":"open","sticky":false,"template":"","format":"standard","meta":{"_uag_custom_page_level_css":"","footnotes":""},"categories":[37],"tags":[],"class_list":["post-345","post","type-post","status-publish","format-standard","hentry","category-latest-news"],"uagb_featured_image_src":{"full":false,"thumbnail":false,"medium":false,"medium_large":false,"large":false,"1536x1536":false,"2048x2048":false,"tie-small":false,"tie-large":false,"slider":false},"uagb_author_info":{"display_name":"admin","author_link":"https:\/\/fetrib.com\/web\/author\/admin\/"},"uagb_comment_info":0,"uagb_excerpt":"Prop de 200 triatletes van prendre la sortida aquest dissabte a la primera edici\u00f3 del Triatl\u00f3 LET&#8216;s TRI Pollen\u00e7a des de la platja de Llenaire, afrontant els 1900m de nataci\u00f3 a una sola volta, dins la badia de Pollen\u00e7a.","_links":{"self":[{"href":"https:\/\/fetrib.com\/web\/wp-json\/wp\/v2\/posts\/345","targetHints":{"allow":["GET"]}}],"collection":[{"href":"https:\/\/fetrib.com\/web\/wp-json\/wp\/v2\/posts"}],"about":[{"href":"https:\/\/fetrib.com\/web\/wp-json\/wp\/v2\/types\/post"}],"author":[{"embeddable":true,"href":"https:\/\/fetrib.com\/web\/wp-json\/wp\/v2\/users\/1"}],"replies":[{"embeddable":true,"href":"https:\/\/fetrib.com\/web\/wp-json\/wp\/v2\/comments?post=345"}],"version-history":[{"count":0,"href":"https:\/\/fetrib.com\/web\/wp-json\/wp\/v2\/posts\/345\/revisions"}],"wp:attachment":[{"href":"https:\/\/fetrib.com\/web\/wp-json\/wp\/v2\/media?parent=345"}],"wp:term":[{"taxonomy":"category","embeddable":true,"href":"https:\/\/fetrib.com\/web\/wp-json\/wp\/v2\/categories?post=345"},{"taxonomy":"post_tag","embeddable":true,"href":"https:\/\/fetrib.com\/web\/wp-json\/wp\/v2\/tags?post=345"}],"curies":[{"name":"wp","href":"https:\/\/api.w.org\/{rel}","templated":true}]}}