{"id":3453,"date":"2021-11-04T19:25:40","date_gmt":"2021-11-04T19:25:40","guid":{"rendered":"http:\/\/fetrib.com\/web\/?p=3453"},"modified":"2021-11-10T19:27:30","modified_gmt":"2021-11-10T19:27:30","slug":"gran-cap-de-setmana-per-als-balears-a-el-anillo","status":"publish","type":"post","link":"https:\/\/fetrib.com\/web\/2021\/11\/04\/gran-cap-de-setmana-per-als-balears-a-el-anillo\/","title":{"rendered":"Gran cap de setmana per als Balears a El Anillo"},"content":{"rendered":"<div class=\"\" dir=\"auto\">\n<div id=\"jsc_c_2a5\" class=\"ecm0bbzt hv4rvrfc ihqw7lf3 dati1w0a\" data-ad-comet-preview=\"message\" data-ad-preview=\"message\">\n<div class=\"j83agx80 cbu4d94t ew0dbk1b irj2b8pg\">\n<div class=\"qzhwtbm6 knvmm38d\">\n<div class=\"kvgmc6g5 cxmmr5t8 oygrvhab hcukyx3x c1et5uql ii04i59q\">\n<div dir=\"auto\">Enhorabona a tots i totes per competir i a tots els clubs que heu acudit a gaudir de la competici\u00f3 nacional.<\/div>\n<div dir=\"auto\">\n<div class=\"o9v6fnle cxmmr5t8 oygrvhab hcukyx3x c1et5uql ii04i59q\">\n<div dir=\"auto\">Resultats Duatl\u00f3 Cross<\/div>\n<\/div>\n<div class=\"o9v6fnle cxmmr5t8 oygrvhab hcukyx3x c1et5uql ii04i59q\">\n<div dir=\"auto\">Cadet femen\u00ed:<\/div>\n<div dir=\"auto\">&#8211; 5 Nora Romero @xtremcalviatriatlo<\/div>\n<div dir=\"auto\">&#8211; 16 Emma Boda @tri.academy_<\/div>\n<\/div>\n<div class=\"o9v6fnle cxmmr5t8 oygrvhab hcukyx3x c1et5uql ii04i59q\">\n<div dir=\"auto\">Cadet mascul\u00ed:<\/div>\n<div dir=\"auto\">&#8211; 8 Pau Medina @tri.academy_<\/div>\n<div dir=\"auto\">&#8211; 27 Manuel Lares @tri.academy_<\/div>\n<div dir=\"auto\">&#8211; 28 Alvaro Artes @psa_retail_palma_tri<\/div>\n<div dir=\"auto\">&#8211; 31 Hugo Luna @tri.academy_<\/div>\n<div dir=\"auto\">&#8211; 39 Arnau Carrillo @tri.academy_<\/div>\n<\/div>\n<div class=\"o9v6fnle cxmmr5t8 oygrvhab hcukyx3x c1et5uql ii04i59q\">\n<div dir=\"auto\">Junior Femen\u00ed<\/div>\n<div dir=\"auto\">&#8211; 2 Alia Ibensandiken @xtremcalviatriatlo<\/div>\n<\/div>\n<div class=\"o9v6fnle cxmmr5t8 oygrvhab hcukyx3x c1et5uql ii04i59q\">\n<div dir=\"auto\">Junior mascul\u00ed<\/div>\n<div dir=\"auto\">&#8211; 9 Miquel Salom @tri.academy_<\/div>\n<\/div>\n<div class=\"o9v6fnle cxmmr5t8 oygrvhab hcukyx3x c1et5uql ii04i59q\">\n<div dir=\"auto\">Juvenil mascul\u00ed<\/div>\n<div dir=\"auto\">&#8211; 15 Alfonso Pag\u00e1n @tri.academy_<\/div>\n<div dir=\"auto\">&#8211; 29 Luis Guerrero @tri.academy_<\/div>\n<div dir=\"auto\">&#8211; 31 Daniel Dey\u00e0 @tri.academy_<\/div>\n<div dir=\"auto\">&#8211; 36 Brais Masques @escolatriatloportocolom<\/div>\n<\/div>\n<\/div>\n<div dir=\"auto\">\n<div class=\"\" dir=\"auto\">\n<div id=\"jsc_c_2ao\" class=\"ecm0bbzt hv4rvrfc ihqw7lf3 dati1w0a\" data-ad-comet-preview=\"message\" data-ad-preview=\"message\">\n<div class=\"j83agx80 cbu4d94t ew0dbk1b irj2b8pg\">\n<div class=\"qzhwtbm6 knvmm38d\">\n<div class=\"kvgmc6g5 cxmmr5t8 oygrvhab hcukyx3x c1et5uql ii04i59q\">\n<div dir=\"auto\">Resultats Campionat d\u2019Espanya ACUATL\u00d3<\/div>\n<\/div>\n<div class=\"o9v6fnle cxmmr5t8 oygrvhab hcukyx3x c1et5uql ii04i59q\">\n<div dir=\"auto\">Paratriatl\u00f3:<\/div>\n<div dir=\"auto\">&#8211; 3r Bartomeu Caldentey @escolatriatloportocolom<\/div>\n<\/div>\n<div class=\"o9v6fnle cxmmr5t8 oygrvhab hcukyx3x c1et5uql ii04i59q\">\n<div dir=\"auto\">Cadet femen\u00ed<\/div>\n<div dir=\"auto\">&#8211; 30 Abigail Marquez @xtremcalviatriatlo<\/div>\n<div dir=\"auto\">&#8211; 36 Marta Torrens @xtremcalviatriatlo<\/div>\n<\/div>\n<div class=\"o9v6fnle cxmmr5t8 oygrvhab hcukyx3x c1et5uql ii04i59q\">\n<div dir=\"auto\">Cadet mascul\u00ed<\/div>\n<div dir=\"auto\">&#8211; 32 Danil Zhukov<\/div>\n<\/div>\n<div class=\"o9v6fnle cxmmr5t8 oygrvhab hcukyx3x c1et5uql ii04i59q\">\n<div dir=\"auto\">Junior mascul\u00ed<\/div>\n<div dir=\"auto\">&#8211; 2n Antoni Joan @xtremcalviatriatlo<\/div>\n<\/div>\n<div class=\"o9v6fnle cxmmr5t8 oygrvhab hcukyx3x c1et5uql ii04i59q\">\n<div dir=\"auto\">Juvenil femen\u00ed<\/div>\n<div dir=\"auto\">&#8211; 10 Maria Barcel\u00f3 @cnllucmajor<\/div>\n<\/div>\n<div class=\"o9v6fnle cxmmr5t8 oygrvhab hcukyx3x c1et5uql ii04i59q\">\n<div dir=\"auto\">Juvenil mascul\u00ed<\/div>\n<div dir=\"auto\">&#8211; 33 Aleix Alzamora @xtremcalviatriatlo<\/div>\n<div dir=\"auto\">&#8211; 14 Joan Albert @escolatriatloportocolom<\/div>\n<\/div>\n<div class=\"o9v6fnle cxmmr5t8 oygrvhab hcukyx3x c1et5uql ii04i59q\">\n<div dir=\"auto\">Elit femen\u00ed<\/div>\n<div dir=\"auto\">&#8211; 7 Susana Sevillano @ibizatriatlon<\/div>\n<div dir=\"auto\">&#8211; 9 Ana Soler @xtremcalviatriatlo<\/div>\n<div dir=\"auto\">&#8211; 15 Sofia Hamad @xtremcalviatriatlo<\/div>\n<\/div>\n<div class=\"o9v6fnle cxmmr5t8 oygrvhab hcukyx3x c1et5uql ii04i59q\">\n<div dir=\"auto\">Elit mascul\u00ed<\/div>\n<div dir=\"auto\">&#8211; 15 Lluis Rodas @rdstriatlo<\/div>\n<\/div>\n<\/div>\n<\/div>\n<\/div>\n<\/div>\n<\/div>\n<\/div>\n<div class=\"o9v6fnle cxmmr5t8 oygrvhab hcukyx3x c1et5uql ii04i59q\">\n<div dir=\"auto\">Resultats campionat d\u2019Espanya de triatl\u00f3 cross<\/div>\n<\/div>\n<div class=\"o9v6fnle cxmmr5t8 oygrvhab hcukyx3x c1et5uql ii04i59q\">\n<div dir=\"auto\">Elit femen\u00ed:<\/div>\n<div dir=\"auto\">&#8211; 17 Sofia Hamad @xtremcalviatriatlo<\/div>\n<div dir=\"auto\">&#8211; 9 Rosa Salas @xtremcalviatriatlo<\/div>\n<div dir=\"auto\">&#8211; 4 Ana Soler @xtremcalviatriatlo<\/div>\n<\/div>\n<div class=\"o9v6fnle cxmmr5t8 oygrvhab hcukyx3x c1et5uql ii04i59q\">\n<div dir=\"auto\">Elit mascul\u00ed<\/div>\n<div dir=\"auto\">&#8211; 63 Sima Martinez @xtremcalviatriatlo<\/div>\n<\/div>\n<div class=\"o9v6fnle cxmmr5t8 oygrvhab hcukyx3x c1et5uql ii04i59q\">\n<div dir=\"auto\">Cadet femen\u00ed<\/div>\n<div dir=\"auto\">&#8211; 6 Nora Romero @xtremcalviatriatlo<\/div>\n<div dir=\"auto\">&#8211; 17 Emma Boda @tri.academy_<\/div>\n<div dir=\"auto\">&#8211; 20 Abigail Marquez @xtremcalviatriatlo<\/div>\n<div dir=\"auto\">&#8211; 41 Marta Torrens @xtremcalviatriatlo<\/div>\n<\/div>\n<div class=\"o9v6fnle cxmmr5t8 oygrvhab hcukyx3x c1et5uql ii04i59q\">\n<div dir=\"auto\">Cadet mascul\u00ed<\/div>\n<div dir=\"auto\">&#8211; 8 Pau Medina @tri.academy_<\/div>\n<div dir=\"auto\">&#8211; 15 Roberto Almansa @psa_retail_palma_tri<\/div>\n<div dir=\"auto\">&#8211; 35 Hugo Luna @tri.academy_<\/div>\n<div dir=\"auto\">&#8211; 45 Manuel Lares @tri.academy_<\/div>\n<div dir=\"auto\">&#8211; 51 Arnau Carrillo @tri.academy_<\/div>\n<div dir=\"auto\">&#8211; 62 Danil Zhuvok @xtremcalviatriatlo<\/div>\n<\/div>\n<div class=\"o9v6fnle cxmmr5t8 oygrvhab hcukyx3x c1et5uql ii04i59q\">\n<div dir=\"auto\">Junior femen\u00ed<\/div>\n<div dir=\"auto\">&#8211; 2\u00a0Alia Ibensandiken @xtremcalviatriatlo<\/div>\n<\/div>\n<div class=\"o9v6fnle cxmmr5t8 oygrvhab hcukyx3x c1et5uql ii04i59q\">\n<div dir=\"auto\">Junior mascul\u00ed<\/div>\n<div dir=\"auto\">&#8211; 8 Antoni Joan @xtremcalviatriatlo<\/div>\n<div dir=\"auto\">&#8211; 9 Miquel Salom @tri.academy_<\/div>\n<\/div>\n<div class=\"o9v6fnle cxmmr5t8 oygrvhab hcukyx3x c1et5uql ii04i59q\">\n<div dir=\"auto\">Juvenil femenina<\/div>\n<div dir=\"auto\">&#8211; 5 Maria Barcel\u00f3 @cnllucmajor<\/div>\n<\/div>\n<div class=\"o9v6fnle cxmmr5t8 oygrvhab hcukyx3x c1et5uql ii04i59q\">\n<div dir=\"auto\">Juvenil mascul\u00ed<\/div>\n<div dir=\"auto\">&#8211; 21 Joan Albert Sastre @escolatriatloportocolom<\/div>\n<div dir=\"auto\">&#8211; 30 Daniel Dey\u00e0 @tri.academy_<\/div>\n<div dir=\"auto\">&#8211; 31 Aleix Alzamora @xtremcalviatriatlo<\/div>\n<div dir=\"auto\">&#8211; 39 Alfonso Pagan @tri.academy_<\/div>\n<div dir=\"auto\">&#8211; 40 Brais Marques @escolatriatloportocolom<\/div>\n<div dir=\"auto\">&#8211; 45 Luis Gerrero @tri.academy_<\/div>\n<div dir=\"auto\">&#8211; 63 Sergi Garcia @tri.academy_<\/div>\n<\/div>\n<\/div>\n<\/div>\n<\/div>\n<\/div>\n","protected":false},"excerpt":{"rendered":"<p>Enhorabona a tots i totes per competir i a tots els clubs que heu acudit a gaudir de la competici\u00f3 nacional. Resultats Duatl\u00f3 Cross Cadet femen\u00ed: &#8211; 5 Nora Romero @xtremcalviatriatlo &#8211; 16 Emma Boda @tri.academy_ Cadet mascul\u00ed: &#8211; 8 Pau Medina @tri.academy_ &#8211; 27 Manuel Lares @tri.academy_ &#8211; 28 Alvaro Artes @psa_retail_palma_tri &#8211; 31 &#8230;<\/p>\n","protected":false},"author":1,"featured_media":3454,"comment_status":"closed","ping_status":"open","sticky":false,"template":"","format":"standard","meta":{"_uag_custom_page_level_css":"","footnotes":""},"categories":[1],"tags":[],"class_list":["post-3453","post","type-post","status-publish","format-standard","has-post-thumbnail","hentry","category-general"],"uagb_featured_image_src":{"full":["https:\/\/fetrib.com\/web\/wp-content\/uploads\/2021\/11\/251173929_2040951079403222_3352090657435587656_n.jpg",1440,1440,false],"thumbnail":["https:\/\/fetrib.com\/web\/wp-content\/uploads\/2021\/11\/251173929_2040951079403222_3352090657435587656_n-150x150.jpg",150,150,true],"medium":["https:\/\/fetrib.com\/web\/wp-content\/uploads\/2021\/11\/251173929_2040951079403222_3352090657435587656_n-300x300.jpg",300,300,true],"medium_large":["https:\/\/fetrib.com\/web\/wp-content\/uploads\/2021\/11\/251173929_2040951079403222_3352090657435587656_n-768x768.jpg",620,620,true],"large":["https:\/\/fetrib.com\/web\/wp-content\/uploads\/2021\/11\/251173929_2040951079403222_3352090657435587656_n-1024x1024.jpg",620,620,true],"1536x1536":["https:\/\/fetrib.com\/web\/wp-content\/uploads\/2021\/11\/251173929_2040951079403222_3352090657435587656_n.jpg",1440,1440,false],"2048x2048":["https:\/\/fetrib.com\/web\/wp-content\/uploads\/2021\/11\/251173929_2040951079403222_3352090657435587656_n.jpg",1440,1440,false],"tie-small":["https:\/\/fetrib.com\/web\/wp-content\/uploads\/2021\/11\/251173929_2040951079403222_3352090657435587656_n-70x70.jpg",70,70,true],"tie-large":["https:\/\/fetrib.com\/web\/wp-content\/uploads\/2021\/11\/251173929_2040951079403222_3352090657435587656_n-300x160.jpg",300,160,true],"slider":["https:\/\/fetrib.com\/web\/wp-content\/uploads\/2021\/11\/251173929_2040951079403222_3352090657435587656_n-620x330.jpg",620,330,true]},"uagb_author_info":{"display_name":"admin","author_link":"https:\/\/fetrib.com\/web\/author\/admin\/"},"uagb_comment_info":0,"uagb_excerpt":"Enhorabona a tots i totes per competir i a tots els clubs que heu acudit a gaudir de la competici\u00f3 nacional. Resultats Duatl\u00f3 Cross Cadet femen\u00ed: &#8211; 5 Nora Romero @xtremcalviatriatlo &#8211; 16 Emma Boda @tri.academy_ Cadet mascul\u00ed: &#8211; 8 Pau Medina @tri.academy_ &#8211; 27 Manuel Lares @tri.academy_ &#8211; 28 Alvaro Artes @psa_retail_palma_tri &#8211; 31&hellip;","_links":{"self":[{"href":"https:\/\/fetrib.com\/web\/wp-json\/wp\/v2\/posts\/3453","targetHints":{"allow":["GET"]}}],"collection":[{"href":"https:\/\/fetrib.com\/web\/wp-json\/wp\/v2\/posts"}],"about":[{"href":"https:\/\/fetrib.com\/web\/wp-json\/wp\/v2\/types\/post"}],"author":[{"embeddable":true,"href":"https:\/\/fetrib.com\/web\/wp-json\/wp\/v2\/users\/1"}],"replies":[{"embeddable":true,"href":"https:\/\/fetrib.com\/web\/wp-json\/wp\/v2\/comments?post=3453"}],"version-history":[{"count":1,"href":"https:\/\/fetrib.com\/web\/wp-json\/wp\/v2\/posts\/3453\/revisions"}],"predecessor-version":[{"id":3455,"href":"https:\/\/fetrib.com\/web\/wp-json\/wp\/v2\/posts\/3453\/revisions\/3455"}],"wp:featuredmedia":[{"embeddable":true,"href":"https:\/\/fetrib.com\/web\/wp-json\/wp\/v2\/media\/3454"}],"wp:attachment":[{"href":"https:\/\/fetrib.com\/web\/wp-json\/wp\/v2\/media?parent=3453"}],"wp:term":[{"taxonomy":"category","embeddable":true,"href":"https:\/\/fetrib.com\/web\/wp-json\/wp\/v2\/categories?post=3453"},{"taxonomy":"post_tag","embeddable":true,"href":"https:\/\/fetrib.com\/web\/wp-json\/wp\/v2\/tags?post=3453"}],"curies":[{"name":"wp","href":"https:\/\/api.w.org\/{rel}","templated":true}]}}