{"id":348,"date":"2013-10-14T08:35:21","date_gmt":"2013-10-14T08:35:21","guid":{"rendered":"http:\/\/www.fetrib.com\/web2018\/news\/latest-news\/xisca-tous-i-carlos-lopez-campions-de-balears-de-triatlo-olimpic\/"},"modified":"2013-10-14T08:35:21","modified_gmt":"2013-10-14T08:35:21","slug":"xisca-tous-i-carlos-lopez-campions-de-balears-de-triatlo-olimpic","status":"publish","type":"post","link":"https:\/\/fetrib.com\/web\/2013\/10\/14\/xisca-tous-i-carlos-lopez-campions-de-balears-de-triatlo-olimpic\/","title":{"rendered":"XISCA TOUS I CARLOS LOPEZ CAMPIONS DE BALEARS DE TRIATL\u00d3 OL\u00cdMPIC"},"content":{"rendered":"<p style=\"text-align: center;\"><img decoding=\"async\" src=\"images\/stories\/podim paguera.jpg\" border=\"0\" width=\"75%\" \/><\/p>\n<p><span id=\"result_box\" lang=\"ca\"><span title=\"La prueba de Campeonato de Baleares de triatl\u00f3n ol\u00edmpico disputado ayer en Paguera congreg\u00f3 a m\u00e1s de 200 participantes que disfrutaron de un ambiente deportivo sin precedentes con una localidad volcada por el evento y un ayuntamiento , el de Calvi\u00e1, que no escatim\u00f3 medios para para consolidar la\">La  prova de Campionat de Balears de triatl\u00f3 ol\u00edmpic disputat ahir a  Peguera va reunir m\u00e9s de 200 participants que van gaudir d&#8217;un ambient  esportiu sense precedents, en una localitat que don\u00e0 un gran suport a l&#8217;esdeveniment i  un ajuntament, el de Calvi\u00e0 , que no va escatimar mitjans per  consolidar la <\/span><span title=\"prueba en el calendario balear.\">prova en el calendari balear .<\/span><\/span><\/p>\n<p>  <!--more-->  <\/p>\n<p><span title=\"La prueba se disput\u00f3 sobre 1500m de nataci\u00f3n, 40 km de ciclismo sobre un recorrido por todo el municipio calvianer y 10 km de carrera a pie por el Boulevar de la misma localidad de paguera.\">La  prova es va disputar sobre 1500m de nataci\u00f3 , 40 km de ciclisme sobre  un recorregut per tot el municipi calvianer i 10 km de cursa a peu pel  Boulevar de la mateixa localitat de Peguera. <\/span><span title=\"La victoria cimentada desde las primeras brazadas de nataci\u00f3n hasta la misma meta fue para Carlos Lopez que cuaj\u00f3 una actuaci\u00f3n perfecta; Tras el ,Miguel Fernandez Mini\u00f1o y el menorqu\u00edn Nacho Alles completaron un p\u00f3dium para la historia.\">La  vict\u00f2ria fonamentada des de les primeres bra\u00e7ades de nataci\u00f3 fins a la  mateixa meta va ser per a Carlos Lopez. Despr\u00e9s d&#8217;ell arribaren Miguel Fernandez Mini\u00f1o i el menorqu\u00ed Nacho  Alles. <\/span><span title=\"En la pueba femina Xisca Tous, al igual que Lopez en la masculina, domin\u00f3 de principio a fin haciendo con un t\u00edtulo merecido por delante de Rosa Bauz\u00e1 y Pilar Morl\u00e1.\">A  la prova femenina, Xisca Tous , igual que Lopez a la masculina , va  dominar de principi a fi, fent-se amb un t\u00edtol merescut per davant de Rosa  Bauz\u00e1 i Pilar Morl\u00e0 .<\/p>\n<p><\/span><span title=\"Por categor\u00edas los vencedorres fueron Rodrigo Chaves en Junior,Nacho Alles en sub-23,Mini\u00f1o en vet1,Manolo Blasco en vet2, mientras en f\u00e9minas Xisca Tous tambi\u00e9n se llevo el t\u00edtulo sub-23 y Rosa Bauza en Vet1.\">Per  categories els vencedors van ser Rodrigo Chaves en Junior , Nacho  Alles en sub &#8211; 23 , Mini\u00f1o en vet1 , Manolo Blasco en vet2 , mentre en  f\u00e8mines Xisca Tous tamb\u00e9 es va emportar el t\u00edtol sub -23 i Rosa Bauza a  Vet1 .<\/p>\n<p><\/span><span title=\"Por equipos la victoria fue para el Rocker Bikes por delante del Triman y Extrem-Calvia.\">Per equips la vict\u00f2ria va ser per al Rocker Bikes per davant del Triman i Extrem &#8211; Calvi\u00e0 .<\/p>\n<p><\/span><span title=\"La prueba estuvo organizada por el Ayuntamiento de Calvia junto a la FETRIB, Federac\u00edon triatl\u00f3 Illes Balears.\">La prova va estar organitzada per l&#8217;Ajuntament de Calvi\u00e0 i la FETRIB.<\/span><\/p>\n<p>\u00a0<\/p>\n","protected":false},"excerpt":{"rendered":"<p>La prova de Campionat de Balears de triatl\u00f3 ol\u00edmpic disputat ahir a Peguera va reunir m\u00e9s de 200 participants que van gaudir d&#8217;un ambient esportiu sense precedents, en una localitat que don\u00e0 un gran suport a l&#8217;esdeveniment i un ajuntament, el de Calvi\u00e0 , que no va escatimar mitjans per consolidar la prova en el &#8230;<\/p>\n","protected":false},"author":1,"featured_media":0,"comment_status":"open","ping_status":"open","sticky":false,"template":"","format":"standard","meta":{"_uag_custom_page_level_css":"","footnotes":""},"categories":[37],"tags":[],"class_list":["post-348","post","type-post","status-publish","format-standard","hentry","category-latest-news"],"uagb_featured_image_src":{"full":false,"thumbnail":false,"medium":false,"medium_large":false,"large":false,"1536x1536":false,"2048x2048":false,"tie-small":false,"tie-large":false,"slider":false},"uagb_author_info":{"display_name":"admin","author_link":"https:\/\/fetrib.com\/web\/author\/admin\/"},"uagb_comment_info":0,"uagb_excerpt":"La prova de Campionat de Balears de triatl\u00f3 ol\u00edmpic disputat ahir a Peguera va reunir m\u00e9s de 200 participants que van gaudir d&#8217;un ambient esportiu sense precedents, en una localitat que don\u00e0 un gran suport a l&#8217;esdeveniment i un ajuntament, el de Calvi\u00e0 , que no va escatimar mitjans per consolidar la prova en el&hellip;","_links":{"self":[{"href":"https:\/\/fetrib.com\/web\/wp-json\/wp\/v2\/posts\/348","targetHints":{"allow":["GET"]}}],"collection":[{"href":"https:\/\/fetrib.com\/web\/wp-json\/wp\/v2\/posts"}],"about":[{"href":"https:\/\/fetrib.com\/web\/wp-json\/wp\/v2\/types\/post"}],"author":[{"embeddable":true,"href":"https:\/\/fetrib.com\/web\/wp-json\/wp\/v2\/users\/1"}],"replies":[{"embeddable":true,"href":"https:\/\/fetrib.com\/web\/wp-json\/wp\/v2\/comments?post=348"}],"version-history":[{"count":0,"href":"https:\/\/fetrib.com\/web\/wp-json\/wp\/v2\/posts\/348\/revisions"}],"wp:attachment":[{"href":"https:\/\/fetrib.com\/web\/wp-json\/wp\/v2\/media?parent=348"}],"wp:term":[{"taxonomy":"category","embeddable":true,"href":"https:\/\/fetrib.com\/web\/wp-json\/wp\/v2\/categories?post=348"},{"taxonomy":"post_tag","embeddable":true,"href":"https:\/\/fetrib.com\/web\/wp-json\/wp\/v2\/tags?post=348"}],"curies":[{"name":"wp","href":"https:\/\/api.w.org\/{rel}","templated":true}]}}