{"id":353,"date":"2013-10-25T15:56:03","date_gmt":"2013-10-25T15:56:03","guid":{"rendered":"http:\/\/www.fetrib.com\/web2018\/news\/sopar-fide-temporada\/"},"modified":"2013-10-25T15:56:03","modified_gmt":"2013-10-25T15:56:03","slug":"sopar-fide-temporada","status":"publish","type":"post","link":"https:\/\/fetrib.com\/web\/2013\/10\/25\/sopar-fide-temporada\/","title":{"rendered":"Sopar fide temporada"},"content":{"rendered":"<p>La Federaci\u00f3 de Triatl\u00f3 de les Illes Balears est\u00e0 preparant un sopar que vol ser una festa de cara a posar punt i final a la temporada 2013.<\/p>\n<p>Per aix\u00f2 estam organitzant un sopar per dia 16 de novembre, anau reservant la data.<\/p>\n<p>Volem que sigui una festa del triatl\u00f3, triatletes, organitzadors, clubs, &#8230; No volem que falti ning\u00fa.<\/p>\n<p>Hi haur\u00e0 sorpreses!!!!!!<\/p>\n","protected":false},"excerpt":{"rendered":"<p>La Federaci\u00f3 de Triatl\u00f3 de les Illes Balears est\u00e0 preparant un sopar que vol ser una festa de cara a posar punt i final a la temporada 2013. Per aix\u00f2 estam organitzant un sopar per dia 16 de novembre, anau reservant la data. Volem que sigui una festa del triatl\u00f3, triatletes, organitzadors, clubs, &#8230; No &#8230;<\/p>\n","protected":false},"author":1,"featured_media":0,"comment_status":"open","ping_status":"open","sticky":false,"template":"","format":"standard","meta":{"_uag_custom_page_level_css":"","footnotes":""},"categories":[1],"tags":[],"class_list":["post-353","post","type-post","status-publish","format-standard","hentry","category-general"],"uagb_featured_image_src":{"full":false,"thumbnail":false,"medium":false,"medium_large":false,"large":false,"1536x1536":false,"2048x2048":false,"tie-small":false,"tie-large":false,"slider":false},"uagb_author_info":{"display_name":"admin","author_link":"https:\/\/fetrib.com\/web\/author\/admin\/"},"uagb_comment_info":0,"uagb_excerpt":"La Federaci\u00f3 de Triatl\u00f3 de les Illes Balears est\u00e0 preparant un sopar que vol ser una festa de cara a posar punt i final a la temporada 2013. Per aix\u00f2 estam organitzant un sopar per dia 16 de novembre, anau reservant la data. Volem que sigui una festa del triatl\u00f3, triatletes, organitzadors, clubs, &#8230; No&hellip;","_links":{"self":[{"href":"https:\/\/fetrib.com\/web\/wp-json\/wp\/v2\/posts\/353","targetHints":{"allow":["GET"]}}],"collection":[{"href":"https:\/\/fetrib.com\/web\/wp-json\/wp\/v2\/posts"}],"about":[{"href":"https:\/\/fetrib.com\/web\/wp-json\/wp\/v2\/types\/post"}],"author":[{"embeddable":true,"href":"https:\/\/fetrib.com\/web\/wp-json\/wp\/v2\/users\/1"}],"replies":[{"embeddable":true,"href":"https:\/\/fetrib.com\/web\/wp-json\/wp\/v2\/comments?post=353"}],"version-history":[{"count":0,"href":"https:\/\/fetrib.com\/web\/wp-json\/wp\/v2\/posts\/353\/revisions"}],"wp:attachment":[{"href":"https:\/\/fetrib.com\/web\/wp-json\/wp\/v2\/media?parent=353"}],"wp:term":[{"taxonomy":"category","embeddable":true,"href":"https:\/\/fetrib.com\/web\/wp-json\/wp\/v2\/categories?post=353"},{"taxonomy":"post_tag","embeddable":true,"href":"https:\/\/fetrib.com\/web\/wp-json\/wp\/v2\/tags?post=353"}],"curies":[{"name":"wp","href":"https:\/\/api.w.org\/{rel}","templated":true}]}}