{"id":354,"date":"2013-10-28T08:59:56","date_gmt":"2013-10-28T08:59:56","guid":{"rendered":"http:\/\/www.fetrib.com\/web2018\/secretaria\/circulares\/convocatoria-d-ajudes-per-esportistes-destacats\/"},"modified":"2013-10-28T08:59:56","modified_gmt":"2013-10-28T08:59:56","slug":"convocatoria-d-ajudes-per-esportistes-destacats","status":"publish","type":"post","link":"https:\/\/fetrib.com\/web\/2013\/10\/28\/convocatoria-d-ajudes-per-esportistes-destacats\/","title":{"rendered":"Convocat\u00f2ria d&#8217;ajudes per esportistes destacats"},"content":{"rendered":"<p><span style=\"font-family: Arial;\"><span style=\"font-family: comic sans ms,comic sans,sans-serif;\"><span><strong>Fundaci\u00f3 per a l&#8217;esport Balear. <\/strong><\/span><\/span><\/span><\/p>\n<p><span style=\"font-family: Arial;\"><span style=\"font-family: comic sans ms,comic sans,sans-serif;\">Os enviamos la informaci\u00f3n relativa a la convocatoria de ayudas para deportistas \u00a0destacados de las Islas Baleares para que puedan mejorar sus medios de entrenamiento y el acceso a las competiciones en el a\u00f1o 2013.<\/span><\/span><\/p>\n<p class=\"MsoNormal\" style=\"text-align: justify;\"><span style=\"font-family: Arial;\"><span style=\"font-family: comic sans ms,comic sans,sans-serif;\">El c\u00e1lculo de los importes econ\u00f3micos se basar\u00e1 en los resultados deportivos obtenidos durante el a\u00f1o 2012.<\/span><\/span><\/p>\n<p class=\"MsoNormal\" style=\"text-align: justify;\"><span style=\"font-family: Arial;\"><span style=\"font-family: comic sans ms,comic sans,sans-serif;\">La solicitud de ayuda o patrocinio debe ser tramitada por el propio deportista, aunque parte de la documentaci\u00f3n presentada debe ser convenientemente certificada por la federaci\u00f3n deportiva correspondiente.<\/span><\/span><\/p>\n<p class=\"MsoNormal\" style=\"text-align: justify;\"><span style=\"font-family: Arial;\"><span style=\"font-family: comic sans ms,comic sans,sans-serif;\">Las bases est\u00e1n publicadas en el Boib N\u00ba 146 de 24 Octubre 2013, en la en la web de la Direcci\u00f3n General (http:\/<\/span><a href=\"http:\/\/esports.caib.es\/\" target=\"_blank\"><span style=\"font-family: comic sans ms,comic sans,sans-serif;\">esports.caib.es<\/span><\/a><span style=\"font-family: comic sans ms,comic sans,sans-serif;\">) y de la Fundaci\u00f3 per a l&#8217;Esport Balear (<\/span><a href=\"http:\/\/www.fundacioesportbalear.es\/\" target=\"_blank\"><span style=\"font-family: comic sans ms,comic sans,sans-serif;\">http:\/\/www.fundacioesportbalear.es<\/span><\/a><span style=\"font-family: comic sans ms,comic sans,sans-serif;\">).<\/span><\/span><\/p>\n<p class=\"MsoNormal\" style=\"text-align: justify;\"><span style=\"font-family: Arial;\"><span style=\"font-family: comic sans ms,comic sans,sans-serif;\">Las solicitudes deben realizarse v\u00eda web:\u00a0<\/span><a href=\"https:\/\/www.paeb.es\/\" target=\"_blank\"><span style=\"font-family: comic sans ms,comic sans,sans-serif;\">https:\/\/www.paeb.es<\/span><\/a><span style=\"font-family: comic sans ms,comic sans,sans-serif;\">, y entregarse en el Registro de la Consejer\u00eda de Turismo y Deportes, en cualquiera de sus delegaciones o en cualquier otro lugar de los que establece el art\u00edculo 38.4 de la Ley 30\/1992 de 26 de Noviembre, de r\u00e9gimen jur\u00eddico de las administraciones p\u00fablicas y del procedimiento administrativo comun.<\/span><\/span><\/p>\n<p class=\"MsoNormal\" style=\"text-align: justify;\"><span style=\"font-family: Arial;\"><span style=\"font-family: comic sans ms,comic sans,sans-serif;\">Para cualquier duda sobre el uso de la web dirigirse a 971 710 811 o\u00a0<\/span><a href=\"mailto:promocio@fundacioesportbalear.es\"><span style=\"font-family: comic sans ms,comic sans,sans-serif;\">promocio@fundacioesportbalear.es<\/span><\/a><\/span><\/p>\n<p class=\"MsoNormal\" style=\"text-align: justify;\"><span style=\"font-family: Arial;\"><span style=\"font-family: comic sans ms,comic sans,sans-serif;\">El plazo de solicitud finaliza el 23 de noviembre de 2013.<\/span><\/span><\/p>\n","protected":false},"excerpt":{"rendered":"<p>Fundaci\u00f3 per a l&#8217;esport Balear. Os enviamos la informaci\u00f3n relativa a la convocatoria de ayudas para deportistas \u00a0destacados de las Islas Baleares para que puedan mejorar sus medios de entrenamiento y el acceso a las competiciones en el a\u00f1o 2013. El c\u00e1lculo de los importes econ\u00f3micos se basar\u00e1 en los resultados deportivos obtenidos durante el &#8230;<\/p>\n","protected":false},"author":1,"featured_media":0,"comment_status":"open","ping_status":"open","sticky":false,"template":"","format":"standard","meta":{"_uag_custom_page_level_css":"","footnotes":""},"categories":[48],"tags":[],"class_list":["post-354","post","type-post","status-publish","format-standard","hentry","category-circulares"],"uagb_featured_image_src":{"full":false,"thumbnail":false,"medium":false,"medium_large":false,"large":false,"1536x1536":false,"2048x2048":false,"tie-small":false,"tie-large":false,"slider":false},"uagb_author_info":{"display_name":"admin","author_link":"https:\/\/fetrib.com\/web\/author\/admin\/"},"uagb_comment_info":0,"uagb_excerpt":"Fundaci\u00f3 per a l&#8217;esport Balear. Os enviamos la informaci\u00f3n relativa a la convocatoria de ayudas para deportistas \u00a0destacados de las Islas Baleares para que puedan mejorar sus medios de entrenamiento y el acceso a las competiciones en el a\u00f1o 2013. El c\u00e1lculo de los importes econ\u00f3micos se basar\u00e1 en los resultados deportivos obtenidos durante el&hellip;","_links":{"self":[{"href":"https:\/\/fetrib.com\/web\/wp-json\/wp\/v2\/posts\/354","targetHints":{"allow":["GET"]}}],"collection":[{"href":"https:\/\/fetrib.com\/web\/wp-json\/wp\/v2\/posts"}],"about":[{"href":"https:\/\/fetrib.com\/web\/wp-json\/wp\/v2\/types\/post"}],"author":[{"embeddable":true,"href":"https:\/\/fetrib.com\/web\/wp-json\/wp\/v2\/users\/1"}],"replies":[{"embeddable":true,"href":"https:\/\/fetrib.com\/web\/wp-json\/wp\/v2\/comments?post=354"}],"version-history":[{"count":0,"href":"https:\/\/fetrib.com\/web\/wp-json\/wp\/v2\/posts\/354\/revisions"}],"wp:attachment":[{"href":"https:\/\/fetrib.com\/web\/wp-json\/wp\/v2\/media?parent=354"}],"wp:term":[{"taxonomy":"category","embeddable":true,"href":"https:\/\/fetrib.com\/web\/wp-json\/wp\/v2\/categories?post=354"},{"taxonomy":"post_tag","embeddable":true,"href":"https:\/\/fetrib.com\/web\/wp-json\/wp\/v2\/tags?post=354"}],"curies":[{"name":"wp","href":"https:\/\/api.w.org\/{rel}","templated":true}]}}