{"id":359,"date":"2013-11-14T18:33:08","date_gmt":"2013-11-14T18:33:08","guid":{"rendered":"http:\/\/www.fetrib.com\/web2018\/news\/latest-news\/sopar-fetrib-2\/"},"modified":"2013-11-14T18:33:08","modified_gmt":"2013-11-14T18:33:08","slug":"sopar-fetrib-2","status":"publish","type":"post","link":"https:\/\/fetrib.com\/web\/2013\/11\/14\/sopar-fetrib-2\/","title":{"rendered":"Sopar FETRIB"},"content":{"rendered":"<p><img decoding=\"async\" src=\"images\/fidalgo-lopez.jpg\" border=\"0\" alt=\"\" width=\"75%\" style=\"display: block; margin-left: auto; margin-right: auto;\" \/><\/p>\n<p>Dos grans triatletes de Mallorca tamb\u00e9 han confirmat l&#8217;assist\u00e8ncia al sopar que aquest dissabte organitza la FETRIB. Carlos L\u00f3pez i Miquel \u00c1ngel Fidalgo. Amb ells tamb\u00e9 podrem parlar sobre com afronten la nova temporada i quins reptes estan preparant.<\/p>\n<p>Encara hi sou a temps. Inscripcions <a href=\"http:\/\/www.elitechip.net\/index.php?zwshow=compdet&amp;idcomp=1447072\">aqui<\/a><\/p>\n","protected":false},"excerpt":{"rendered":"<p>Dos grans triatletes de Mallorca tamb\u00e9 han confirmat l&#8217;assist\u00e8ncia al sopar que aquest dissabte organitza la FETRIB. Carlos L\u00f3pez i Miquel \u00c1ngel Fidalgo. Amb ells tamb\u00e9 podrem parlar sobre com afronten la nova temporada i quins reptes estan preparant. Encara hi sou a temps. Inscripcions aqui<\/p>\n","protected":false},"author":1,"featured_media":0,"comment_status":"open","ping_status":"open","sticky":false,"template":"","format":"standard","meta":{"_uag_custom_page_level_css":"","footnotes":""},"categories":[37],"tags":[],"class_list":["post-359","post","type-post","status-publish","format-standard","hentry","category-latest-news"],"uagb_featured_image_src":{"full":false,"thumbnail":false,"medium":false,"medium_large":false,"large":false,"1536x1536":false,"2048x2048":false,"tie-small":false,"tie-large":false,"slider":false},"uagb_author_info":{"display_name":"admin","author_link":"https:\/\/fetrib.com\/web\/author\/admin\/"},"uagb_comment_info":0,"uagb_excerpt":"Dos grans triatletes de Mallorca tamb\u00e9 han confirmat l&#8217;assist\u00e8ncia al sopar que aquest dissabte organitza la FETRIB. Carlos L\u00f3pez i Miquel \u00c1ngel Fidalgo. Amb ells tamb\u00e9 podrem parlar sobre com afronten la nova temporada i quins reptes estan preparant. Encara hi sou a temps. Inscripcions aqui","_links":{"self":[{"href":"https:\/\/fetrib.com\/web\/wp-json\/wp\/v2\/posts\/359","targetHints":{"allow":["GET"]}}],"collection":[{"href":"https:\/\/fetrib.com\/web\/wp-json\/wp\/v2\/posts"}],"about":[{"href":"https:\/\/fetrib.com\/web\/wp-json\/wp\/v2\/types\/post"}],"author":[{"embeddable":true,"href":"https:\/\/fetrib.com\/web\/wp-json\/wp\/v2\/users\/1"}],"replies":[{"embeddable":true,"href":"https:\/\/fetrib.com\/web\/wp-json\/wp\/v2\/comments?post=359"}],"version-history":[{"count":0,"href":"https:\/\/fetrib.com\/web\/wp-json\/wp\/v2\/posts\/359\/revisions"}],"wp:attachment":[{"href":"https:\/\/fetrib.com\/web\/wp-json\/wp\/v2\/media?parent=359"}],"wp:term":[{"taxonomy":"category","embeddable":true,"href":"https:\/\/fetrib.com\/web\/wp-json\/wp\/v2\/categories?post=359"},{"taxonomy":"post_tag","embeddable":true,"href":"https:\/\/fetrib.com\/web\/wp-json\/wp\/v2\/tags?post=359"}],"curies":[{"name":"wp","href":"https:\/\/api.w.org\/{rel}","templated":true}]}}