{"id":366,"date":"2013-11-21T21:33:20","date_gmt":"2013-11-21T21:33:20","guid":{"rendered":"http:\/\/www.fetrib.com\/web2018\/news\/latest-news\/promocio-especial-triatlo-internacional-portocolom-2014\/"},"modified":"2013-11-21T21:33:20","modified_gmt":"2013-11-21T21:33:20","slug":"promocio-especial-triatlo-internacional-portocolom-2014","status":"publish","type":"post","link":"https:\/\/fetrib.com\/web\/2013\/11\/21\/promocio-especial-triatlo-internacional-portocolom-2014\/","title":{"rendered":"Promoci\u00f3 especial Triatl\u00f3 Internacional Portocolom 2014"},"content":{"rendered":"<p><span style=\"font-family: 'Lucida Grande', Verdana, Arial, Helvetica, sans-serif; font-size: 11px; line-height: normal;\"><img decoding=\"async\" src=\"images\/stories\/portocolom.jpg\" border=\"0\" alt=\"\" style=\"display: block; margin-left: auto; margin-right: auto;\" \/><\/span><\/p>\n<p><span style=\"font-family: 'Lucida Grande', Verdana, Arial, Helvetica, sans-serif; font-size: 11px; line-height: normal;\">La Federaci\u00f3 de Triatl\u00f3 de les Illes Balears, dins la Festa del triatl\u00f3 organitzada de cara a posar punt i final a la temporada, va convocar un concurs per tal de premiar a la millor prova federativa d\u00b4enguany.<\/span><\/p>\n<p>  <!--more-->  <\/p>\n<p><span style=\"font-family: 'Lucida Grande', Verdana, Arial, Helvetica, sans-serif; font-size: 11px; line-height: normal;\">Com a resultat final de les votacions, el Triatl\u00f3 de Portocolom en va resultar el m\u00e9s votat, fent-se entrega als seus organitzadors el Premi a la Millor Prova Fetrib del 2013.<\/span><\/p>\n<p><span style=\"font-family: 'Lucida Grande', Verdana, Arial, Helvetica, sans-serif; font-size: 11px; line-height: normal;\">En\u00a0\u00a0agra\u00efment al col.lectiu triatl\u00e8tic balear pel seu suport, des de l&#8217;organitzaci\u00f3 d\u00b4aquest esdeveniment,\u00a0\u00a0a celebrar el proper 13 d\u00b4abril de 2014, volem oferir a tots els triatletes federats a Balears un preu especial per a la seva inscripci\u00f3, amb un descompte del 30% de la actual quota. \u00a0 \u00a0 \u00a0<\/span><\/p>\n<p><span style=\"font-family: 'Lucida Grande', Verdana, Arial, Helvetica, sans-serif; font-size: 11px; line-height: normal;\">D\u00b4aquesta manera, el preu per el format 55.5 passa de 50 a de 35 euros i\u00a0\u00a0el format 111 de 110\u00a0\u00a0passa a 75 euros.<\/span><\/p>\n<p><span style=\"font-family: 'Lucida Grande', Verdana, Arial, Helvetica, sans-serif; font-size: 11px; line-height: normal;\">Aquesta promoci\u00f3 \u00e9s v\u00e0lida fins el dia 11 de gener de 2014.\u00a0\u00a0Per fer-la efectiva, heu de fer servir el codi FETRIB55 o FETRIB111 que vos demanar\u00e0 la plataforma d\u00b4inscripcions. A l\u00b4entrega de dorsals previs a la competici\u00f3, es comprovar\u00e0 que els triatletes estiguin federats a la FETRIB<\/span><\/p>\n","protected":false},"excerpt":{"rendered":"<p>La Federaci\u00f3 de Triatl\u00f3 de les Illes Balears, dins la Festa del triatl\u00f3 organitzada de cara a posar punt i final a la temporada, va convocar un concurs per tal de premiar a la millor prova federativa d\u00b4enguany.<\/p>\n","protected":false},"author":1,"featured_media":0,"comment_status":"open","ping_status":"open","sticky":false,"template":"","format":"standard","meta":{"_uag_custom_page_level_css":"","footnotes":""},"categories":[37],"tags":[],"class_list":["post-366","post","type-post","status-publish","format-standard","hentry","category-latest-news"],"uagb_featured_image_src":{"full":false,"thumbnail":false,"medium":false,"medium_large":false,"large":false,"1536x1536":false,"2048x2048":false,"tie-small":false,"tie-large":false,"slider":false},"uagb_author_info":{"display_name":"admin","author_link":"https:\/\/fetrib.com\/web\/author\/admin\/"},"uagb_comment_info":0,"uagb_excerpt":"La Federaci\u00f3 de Triatl\u00f3 de les Illes Balears, dins la Festa del triatl\u00f3 organitzada de cara a posar punt i final a la temporada, va convocar un concurs per tal de premiar a la millor prova federativa d\u00b4enguany.","_links":{"self":[{"href":"https:\/\/fetrib.com\/web\/wp-json\/wp\/v2\/posts\/366","targetHints":{"allow":["GET"]}}],"collection":[{"href":"https:\/\/fetrib.com\/web\/wp-json\/wp\/v2\/posts"}],"about":[{"href":"https:\/\/fetrib.com\/web\/wp-json\/wp\/v2\/types\/post"}],"author":[{"embeddable":true,"href":"https:\/\/fetrib.com\/web\/wp-json\/wp\/v2\/users\/1"}],"replies":[{"embeddable":true,"href":"https:\/\/fetrib.com\/web\/wp-json\/wp\/v2\/comments?post=366"}],"version-history":[{"count":0,"href":"https:\/\/fetrib.com\/web\/wp-json\/wp\/v2\/posts\/366\/revisions"}],"wp:attachment":[{"href":"https:\/\/fetrib.com\/web\/wp-json\/wp\/v2\/media?parent=366"}],"wp:term":[{"taxonomy":"category","embeddable":true,"href":"https:\/\/fetrib.com\/web\/wp-json\/wp\/v2\/categories?post=366"},{"taxonomy":"post_tag","embeddable":true,"href":"https:\/\/fetrib.com\/web\/wp-json\/wp\/v2\/tags?post=366"}],"curies":[{"name":"wp","href":"https:\/\/api.w.org\/{rel}","templated":true}]}}