{"id":370,"date":"2013-11-27T12:42:43","date_gmt":"2013-11-27T12:42:43","guid":{"rendered":"http:\/\/www.fetrib.com\/web2018\/news\/latest-news\/marga-fullana-es-proclama-campiona-d-espanya-de-duatlo-cross\/"},"modified":"2013-11-27T12:42:43","modified_gmt":"2013-11-27T12:42:43","slug":"marga-fullana-es-proclama-campiona-d-espanya-de-duatlo-cross","status":"publish","type":"post","link":"https:\/\/fetrib.com\/web\/2013\/11\/27\/marga-fullana-es-proclama-campiona-d-espanya-de-duatlo-cross\/","title":{"rendered":"Marga Fullana es proclama Campiona d&#8217;Espanya de Duatl\u00f3 Cross"},"content":{"rendered":"<p><span id=\"result_box\" lang=\"ca\"><span class=\"hps\"><img decoding=\"async\" src=\"images\/2013-11-24 17.27.14.png\" border=\"0\" alt=\"\" width=\"75%\" style=\"display: block; margin-left: auto; margin-right: auto;\" \/>Marga<\/span> <span class=\"hps\">Fullana<\/span> <span class=\"hps\">del club<\/span> <span>CCAndratx<\/span><span class=\"atn\">&#8211;<\/span><span>Bimont<\/span> <span class=\"hps\">es fa<\/span> <span class=\"hps\">amb<\/span> <span class=\"hps\">la vict\u00f2ria<\/span> <span class=\"hps\">i<\/span> <span class=\"hps\">t\u00edtol<\/span> <span class=\"hps\">de campiona<\/span> <span class=\"hps\">d&#8217;Espanya de<\/span> <span class=\"hps\">Duatl\u00f3<\/span> <span class=\"hps\">Cross a<\/span> <span class=\"hps\">la<\/span> <span class=\"hps\">localitat<\/span> <span class=\"hps\">de Casar<\/span> <span class=\"hps\">de<\/span> <span class=\"hps\">Caceres<\/span><span>.<\/span><\/span><\/p>\n<p>  <!--more-->  <\/p>\n<p><span id=\"result_box\" lang=\"ca\"><span class=\"hps\">Fullana<\/span> <span class=\"hps\">va imposar el seu<\/span> <span class=\"hps\">ritme<\/span> <span class=\"hps\">des del primer<\/span> <span class=\"hps\">tram<\/span> <span class=\"hps\">de cursa a peu<\/span> <span class=\"hps\">on va realitzar<\/span> <span class=\"hps\">el millor temps.<\/span> <span class=\"hps\">E<\/span><span class=\"hps\">n el<\/span> <span class=\"hps\">sector<\/span> <span class=\"hps\">de<\/span> <span class=\"hps\">mountainbike amplia aquesta ventaja<\/span> <span class=\"hps\">creuant<\/span> <span class=\"hps\">la meta amb<\/span> <span class=\"hps\">m\u00e9s<\/span> <span class=\"hps\">de<\/span> <span class=\"hps\">5 minuts<\/span> <span class=\"hps\">d&#8217;avantatge<\/span> <span class=\"hps\">amb<\/span> <span class=\"hps\">la segona<\/span> <span class=\"hps\">classificada<\/span><span>.<\/span><\/span><\/p>\n<p><span id=\"result_box\" lang=\"ca\">Oscar Santos del GD Espalmador tamb\u00e9 es proclam\u00e0 Campi\u00f3 d&#8217;Espanya en categoria cadet.<\/span><\/p>\n<p><span id=\"result_box\" lang=\"ca\"><span class=\"hps\">Marti<\/span> <span class=\"hps\">Joan<\/span> <span class=\"hps\">7\u00e8<\/span> <span class=\"hps atn\">(<\/span><span>GDEspalmador<\/span><span>)<\/span><span>,<\/span> <span class=\"hps\">Abilio<\/span> <span class=\"hps\">Garc\u00eda<\/span> <span class=\"hps\">13<\/span> <span class=\"hps\">\u00b0<\/span> <span class=\"hps\">i Vicente<\/span> <span class=\"hps\">Alvarez<\/span> <span class=\"hps\">25<\/span> <span class=\"hps\">\u00b0<\/span><\/span><span id=\"result_box\" lang=\"ca\"><span class=\"hps\"><span id=\"result_box\" lang=\"ca\"><span class=\"hps atn\">(<\/span><span>CCAndratx<\/span><span class=\"atn\">&#8211;<\/span><span>Bimont<\/span><span>)<\/span><\/span><\/span> <span class=\"hps\">formaren la resta de l&#8217;expedici\u00f3 balear a la prova<\/span><span id=\"result_box\" lang=\"ca\">.<\/span><\/span><\/p>\n","protected":false},"excerpt":{"rendered":"<p>Marga Fullana del club CCAndratx&#8211;Bimont es fa amb la vict\u00f2ria i t\u00edtol de campiona d&#8217;Espanya de Duatl\u00f3 Cross a la localitat de Casar de Caceres.<\/p>\n","protected":false},"author":1,"featured_media":0,"comment_status":"open","ping_status":"open","sticky":false,"template":"","format":"standard","meta":{"_uag_custom_page_level_css":"","footnotes":""},"categories":[37],"tags":[],"class_list":["post-370","post","type-post","status-publish","format-standard","hentry","category-latest-news"],"uagb_featured_image_src":{"full":false,"thumbnail":false,"medium":false,"medium_large":false,"large":false,"1536x1536":false,"2048x2048":false,"tie-small":false,"tie-large":false,"slider":false},"uagb_author_info":{"display_name":"admin","author_link":"https:\/\/fetrib.com\/web\/author\/admin\/"},"uagb_comment_info":0,"uagb_excerpt":"Marga Fullana del club CCAndratx&#8211;Bimont es fa amb la vict\u00f2ria i t\u00edtol de campiona d&#8217;Espanya de Duatl\u00f3 Cross a la localitat de Casar de Caceres.","_links":{"self":[{"href":"https:\/\/fetrib.com\/web\/wp-json\/wp\/v2\/posts\/370","targetHints":{"allow":["GET"]}}],"collection":[{"href":"https:\/\/fetrib.com\/web\/wp-json\/wp\/v2\/posts"}],"about":[{"href":"https:\/\/fetrib.com\/web\/wp-json\/wp\/v2\/types\/post"}],"author":[{"embeddable":true,"href":"https:\/\/fetrib.com\/web\/wp-json\/wp\/v2\/users\/1"}],"replies":[{"embeddable":true,"href":"https:\/\/fetrib.com\/web\/wp-json\/wp\/v2\/comments?post=370"}],"version-history":[{"count":0,"href":"https:\/\/fetrib.com\/web\/wp-json\/wp\/v2\/posts\/370\/revisions"}],"wp:attachment":[{"href":"https:\/\/fetrib.com\/web\/wp-json\/wp\/v2\/media?parent=370"}],"wp:term":[{"taxonomy":"category","embeddable":true,"href":"https:\/\/fetrib.com\/web\/wp-json\/wp\/v2\/categories?post=370"},{"taxonomy":"post_tag","embeddable":true,"href":"https:\/\/fetrib.com\/web\/wp-json\/wp\/v2\/tags?post=370"}],"curies":[{"name":"wp","href":"https:\/\/api.w.org\/{rel}","templated":true}]}}