{"id":3768,"date":"2021-11-29T16:08:18","date_gmt":"2021-11-29T16:08:18","guid":{"rendered":"http:\/\/fetrib.com\/web\/?p=3768"},"modified":"2021-11-29T16:20:08","modified_gmt":"2021-11-29T16:20:08","slug":"biel-grau-es-el-nou-director-tecnic-de-la-federacio","status":"publish","type":"post","link":"https:\/\/fetrib.com\/web\/2021\/11\/29\/biel-grau-es-el-nou-director-tecnic-de-la-federacio\/","title":{"rendered":"Biel Grau \u00e9s el nou director t\u00e8cnic de la Federaci\u00f3."},"content":{"rendered":"<p><em>El passat 27 de novembre la junta directiva de la FETRIB va aprovar la dessignaci\u00f3 de Biel Grau com a nou director t\u00e8cnic de la FETRIB.<\/em><\/p>\n<p>Nascut a Palma el 1988, Biel Grau t\u00e9 una \u00e0mplia experi\u00e8ncia en el m\u00f3n de l&#8217;esport i el triatl\u00f3. \u00c9s diplomat en magisteri d&#8217;educaci\u00f3 f\u00edsifca, llicenciat en ci\u00e8ncies de l&#8217;esport per la UCV i m\u00e0ster en professorat de secund\u00e0ria i cicles formatius per la UIB.<\/p>\n<p>Actualment \u00e9s el director esportiu del CE Palmarunners, club que fund\u00e0 el 2013.<\/p>\n<p>&nbsp;<\/p>\n<p>&nbsp;<\/p>\n<div class=\"\"><\/div>\n","protected":false},"excerpt":{"rendered":"<p>El passat 27 de novembre la junta directiva de la FETRIB va aprovar la dessignaci\u00f3 de Biel Grau com a nou director t\u00e8cnic de la FETRIB. Nascut a Palma el 1988, Biel Grau t\u00e9 una \u00e0mplia experi\u00e8ncia en el m\u00f3n de l&#8217;esport i el triatl\u00f3. \u00c9s diplomat en magisteri d&#8217;educaci\u00f3 f\u00edsifca, llicenciat en ci\u00e8ncies de &#8230;<\/p>\n","protected":false},"author":1,"featured_media":3769,"comment_status":"closed","ping_status":"open","sticky":false,"template":"","format":"standard","meta":{"_uag_custom_page_level_css":"","footnotes":""},"categories":[1],"tags":[],"class_list":["post-3768","post","type-post","status-publish","format-standard","has-post-thumbnail","hentry","category-general"],"uagb_featured_image_src":{"full":["https:\/\/fetrib.com\/web\/wp-content\/uploads\/2021\/11\/Captura-de-pantalla-2021-11-29-a-las-16.50.08-e1638202171298.png",1257,865,false],"thumbnail":["https:\/\/fetrib.com\/web\/wp-content\/uploads\/2021\/11\/Captura-de-pantalla-2021-11-29-a-las-16.50.08-e1638202171298-150x150.png",150,150,true],"medium":["https:\/\/fetrib.com\/web\/wp-content\/uploads\/2021\/11\/Captura-de-pantalla-2021-11-29-a-las-16.50.08-e1638202171298-300x206.png",300,206,true],"medium_large":["https:\/\/fetrib.com\/web\/wp-content\/uploads\/2021\/11\/Captura-de-pantalla-2021-11-29-a-las-16.50.08-e1638202171298-768x528.png",620,426,true],"large":["https:\/\/fetrib.com\/web\/wp-content\/uploads\/2021\/11\/Captura-de-pantalla-2021-11-29-a-las-16.50.08-e1638202171298-1024x705.png",620,427,true],"1536x1536":["https:\/\/fetrib.com\/web\/wp-content\/uploads\/2021\/11\/Captura-de-pantalla-2021-11-29-a-las-16.50.08-e1638202171298.png",1257,865,false],"2048x2048":["https:\/\/fetrib.com\/web\/wp-content\/uploads\/2021\/11\/Captura-de-pantalla-2021-11-29-a-las-16.50.08-e1638202171298.png",1257,865,false],"tie-small":["https:\/\/fetrib.com\/web\/wp-content\/uploads\/2021\/11\/Captura-de-pantalla-2021-11-29-a-las-16.50.08-e1638202171298-70x70.png",70,70,true],"tie-large":["https:\/\/fetrib.com\/web\/wp-content\/uploads\/2021\/11\/Captura-de-pantalla-2021-11-29-a-las-16.50.08-e1638202171298-300x160.png",300,160,true],"slider":["https:\/\/fetrib.com\/web\/wp-content\/uploads\/2021\/11\/Captura-de-pantalla-2021-11-29-a-las-16.50.08-e1638202171298-620x330.png",620,330,true]},"uagb_author_info":{"display_name":"admin","author_link":"https:\/\/fetrib.com\/web\/author\/admin\/"},"uagb_comment_info":0,"uagb_excerpt":"El passat 27 de novembre la junta directiva de la FETRIB va aprovar la dessignaci\u00f3 de Biel Grau com a nou director t\u00e8cnic de la FETRIB. Nascut a Palma el 1988, Biel Grau t\u00e9 una \u00e0mplia experi\u00e8ncia en el m\u00f3n de l&#8217;esport i el triatl\u00f3. \u00c9s diplomat en magisteri d&#8217;educaci\u00f3 f\u00edsifca, llicenciat en ci\u00e8ncies de&hellip;","_links":{"self":[{"href":"https:\/\/fetrib.com\/web\/wp-json\/wp\/v2\/posts\/3768","targetHints":{"allow":["GET"]}}],"collection":[{"href":"https:\/\/fetrib.com\/web\/wp-json\/wp\/v2\/posts"}],"about":[{"href":"https:\/\/fetrib.com\/web\/wp-json\/wp\/v2\/types\/post"}],"author":[{"embeddable":true,"href":"https:\/\/fetrib.com\/web\/wp-json\/wp\/v2\/users\/1"}],"replies":[{"embeddable":true,"href":"https:\/\/fetrib.com\/web\/wp-json\/wp\/v2\/comments?post=3768"}],"version-history":[{"count":3,"href":"https:\/\/fetrib.com\/web\/wp-json\/wp\/v2\/posts\/3768\/revisions"}],"predecessor-version":[{"id":3772,"href":"https:\/\/fetrib.com\/web\/wp-json\/wp\/v2\/posts\/3768\/revisions\/3772"}],"wp:featuredmedia":[{"embeddable":true,"href":"https:\/\/fetrib.com\/web\/wp-json\/wp\/v2\/media\/3769"}],"wp:attachment":[{"href":"https:\/\/fetrib.com\/web\/wp-json\/wp\/v2\/media?parent=3768"}],"wp:term":[{"taxonomy":"category","embeddable":true,"href":"https:\/\/fetrib.com\/web\/wp-json\/wp\/v2\/categories?post=3768"},{"taxonomy":"post_tag","embeddable":true,"href":"https:\/\/fetrib.com\/web\/wp-json\/wp\/v2\/tags?post=3768"}],"curies":[{"name":"wp","href":"https:\/\/api.w.org\/{rel}","templated":true}]}}