{"id":378,"date":"2013-12-11T15:33:59","date_gmt":"2013-12-11T15:33:59","guid":{"rendered":"http:\/\/www.fetrib.com\/web2018\/news\/latest-news\/promocio-let-s-tri-per-federats\/"},"modified":"2013-12-11T15:33:59","modified_gmt":"2013-12-11T15:33:59","slug":"promocio-let-s-tri-per-federats","status":"publish","type":"post","link":"https:\/\/fetrib.com\/web\/2013\/12\/11\/promocio-let-s-tri-per-federats\/","title":{"rendered":"Promoci\u00f3 Let&#8217;s Tri per federats"},"content":{"rendered":"<p><img decoding=\"async\" src=\"images\/letstri.jpg\" border=\"0\" alt=\"\" style=\"display: block; margin-left: auto; margin-right: auto;\" \/><\/p>\n<p>Gr\u00e0cies a Kumulus, organitzador de les proves Let&#8217;s Tri, tots els federats a la FETRIB tendran un descompte del 50% a les proves de Pollensa i Alc\u00fadia.<\/p>\n<p>  <!--more-->  <\/p>\n<p>Ja estan obertes les inscripcions a trav\u00e9s de <a href=\"http:\/\/www.conchipbaleares.com\">www.conchipbaleares.com<\/a> per el Duatl\u00f3 Internacional d&#8217;Alc\u00fadia de dia 22 de Mar\u00e7 i el Triatl\u00f3 Internacional de Pollensa de dia 6 de septembre.<\/p>\n<p>Aquest descompte estar\u00e0 disponible dins dia 31 de gener de 2014.<\/p>\n<p>Per a m\u00e9s informaci\u00f3 visita <a href=\"http:\/\/www.letstri.es\">www.letstri.es<\/a> o <a href=\"https:\/\/www.facebook.com\/LETSTRI.ES?ref=hl\">https:\/\/www.facebook.com\/LETSTRI.ES?ref=hl<\/a><\/p>\n","protected":false},"excerpt":{"rendered":"<p>Gr\u00e0cies a Kumulus, organitzador de les proves Let&#8217;s Tri, tots els federats a la FETRIB tendran un descompte del 50% a les proves de Pollensa i Alc\u00fadia.<\/p>\n","protected":false},"author":1,"featured_media":0,"comment_status":"open","ping_status":"open","sticky":false,"template":"","format":"standard","meta":{"_uag_custom_page_level_css":"","footnotes":""},"categories":[37],"tags":[],"class_list":["post-378","post","type-post","status-publish","format-standard","hentry","category-latest-news"],"uagb_featured_image_src":{"full":false,"thumbnail":false,"medium":false,"medium_large":false,"large":false,"1536x1536":false,"2048x2048":false,"tie-small":false,"tie-large":false,"slider":false},"uagb_author_info":{"display_name":"admin","author_link":"https:\/\/fetrib.com\/web\/author\/admin\/"},"uagb_comment_info":0,"uagb_excerpt":"Gr\u00e0cies a Kumulus, organitzador de les proves Let&#8217;s Tri, tots els federats a la FETRIB tendran un descompte del 50% a les proves de Pollensa i Alc\u00fadia.","_links":{"self":[{"href":"https:\/\/fetrib.com\/web\/wp-json\/wp\/v2\/posts\/378","targetHints":{"allow":["GET"]}}],"collection":[{"href":"https:\/\/fetrib.com\/web\/wp-json\/wp\/v2\/posts"}],"about":[{"href":"https:\/\/fetrib.com\/web\/wp-json\/wp\/v2\/types\/post"}],"author":[{"embeddable":true,"href":"https:\/\/fetrib.com\/web\/wp-json\/wp\/v2\/users\/1"}],"replies":[{"embeddable":true,"href":"https:\/\/fetrib.com\/web\/wp-json\/wp\/v2\/comments?post=378"}],"version-history":[{"count":0,"href":"https:\/\/fetrib.com\/web\/wp-json\/wp\/v2\/posts\/378\/revisions"}],"wp:attachment":[{"href":"https:\/\/fetrib.com\/web\/wp-json\/wp\/v2\/media?parent=378"}],"wp:term":[{"taxonomy":"category","embeddable":true,"href":"https:\/\/fetrib.com\/web\/wp-json\/wp\/v2\/categories?post=378"},{"taxonomy":"post_tag","embeddable":true,"href":"https:\/\/fetrib.com\/web\/wp-json\/wp\/v2\/tags?post=378"}],"curies":[{"name":"wp","href":"https:\/\/api.w.org\/{rel}","templated":true}]}}