{"id":3808,"date":"2022-01-13T10:53:54","date_gmt":"2022-01-13T10:53:54","guid":{"rendered":"http:\/\/fetrib.com\/web\/?p=3808"},"modified":"2022-01-13T12:48:12","modified_gmt":"2022-01-13T12:48:12","slug":"presa-de-temps-2022","status":"publish","type":"post","link":"https:\/\/fetrib.com\/web\/2022\/01\/13\/presa-de-temps-2022\/","title":{"rendered":"Presa de temps 2022"},"content":{"rendered":"<p><span id=\"page3R_mcid3\" class=\"markedContent\"><span dir=\"ltr\" role=\"presentation\">CONVOCAT\u00d2RIA:<\/span> esportistes <span dir=\"ltr\" role=\"presentation\">cadets<\/span><span dir=\"ltr\" role=\"presentation\">, juvenils<\/span><span dir=\"ltr\" role=\"presentation\">,<\/span> <span dir=\"ltr\" role=\"presentation\">j\u00fanior<\/span> <span dir=\"ltr\" role=\"presentation\">y pa<\/span><span dir=\"ltr\" role=\"presentation\">ratriatletes<\/span> <span dir=\"ltr\" role=\"presentation\">en la temporada 202<\/span><span dir=\"ltr\" role=\"presentation\">2<\/span><\/span><span id=\"page3R_mcid4\" class=\"markedContent\"><\/span><span id=\"page3R_mcid5\" class=\"markedContent\"><\/span><\/p>\n<ul>\n<li><span id=\"page3R_mcid5\" class=\"markedContent\"><span dir=\"ltr\" role=\"presentation\">Cadet:<\/span> <span dir=\"ltr\" role=\"presentation\">200<\/span><span dir=\"ltr\" role=\"presentation\">8<\/span><span dir=\"ltr\" role=\"presentation\">&#8211;<\/span> <span dir=\"ltr\" role=\"presentation\">200<\/span><span dir=\"ltr\" role=\"presentation\">7<\/span><\/span><\/li>\n<li><span id=\"page3R_mcid6\" class=\"markedContent\"><\/span><span id=\"page3R_mcid7\" class=\"markedContent\"><span dir=\"ltr\" role=\"presentation\">J<\/span><span dir=\"ltr\" role=\"presentation\">uvenil<\/span><span dir=\"ltr\" role=\"presentation\">:<\/span> <span dir=\"ltr\" role=\"presentation\">200<\/span><span dir=\"ltr\" role=\"presentation\">6<\/span><span dir=\"ltr\" role=\"presentation\">&#8211;<\/span> <span dir=\"ltr\" role=\"presentation\">200<\/span><span dir=\"ltr\" role=\"presentation\">5<\/span><\/span><\/li>\n<li><span id=\"page3R_mcid8\" class=\"markedContent\"><\/span><span id=\"page3R_mcid9\" class=\"markedContent\"><span dir=\"ltr\" role=\"presentation\">J\u00fanior:<\/span> <span dir=\"ltr\" role=\"presentation\">200<\/span><span dir=\"ltr\" role=\"presentation\">4<\/span><span dir=\"ltr\" role=\"presentation\">&#8211;<\/span> <span dir=\"ltr\" role=\"presentation\">200<\/span><span dir=\"ltr\" role=\"presentation\">3<\/span><\/span><\/li>\n<li><span id=\"page3R_mcid10\" class=\"markedContent\"><\/span><span id=\"page3R_mcid11\" class=\"markedContent\"><span dir=\"ltr\" role=\"presentation\">Paratriatletes<\/span><span dir=\"ltr\" role=\"presentation\">:<\/span> <span dir=\"ltr\" role=\"presentation\">menors de 30 anys<\/span><\/span><\/li>\n<\/ul>\n<p><span id=\"page3R_mcid21\" class=\"markedContent\"><span dir=\"ltr\" role=\"presentation\">Jornada de mat\u00ed, NATACI\u00d3 8:30h:<\/span><\/span><span id=\"page3R_mcid22\" class=\"markedContent\"><br role=\"presentation\" \/><span dir=\"ltr\" role=\"presentation\">o<\/span> <span dir=\"ltr\" role=\"presentation\">Cadets<\/span><span dir=\"ltr\" role=\"presentation\">, Ju<\/span><span dir=\"ltr\" role=\"presentation\">venil<\/span> <span dir=\"ltr\" role=\"presentation\">i Junior<\/span><\/span><span id=\"page3R_mcid23\" class=\"markedContent\"><br role=\"presentation\" \/><span dir=\"ltr\" role=\"presentation\">\u25aa<\/span> <span dir=\"ltr\" role=\"presentation\">1\u00aa prova 100m, descans m\u00ednim 30 minuts.<\/span><\/span><span id=\"page3R_mcid24\" class=\"markedContent\"><br role=\"presentation\" \/><span dir=\"ltr\" role=\"presentation\">\u25aa<\/span> <span dir=\"ltr\" role=\"presentation\">2\u00aa <span id=\"page3R_mcid23\" class=\"markedContent\">prova<\/span> 400m.<\/span><\/span><span id=\"page3R_mcid25\" class=\"markedContent\"><br role=\"presentation\" \/><span dir=\"ltr\" role=\"presentation\">o<\/span> <span dir=\"ltr\" role=\"presentation\">Paratriatletes:<\/span> <span dir=\"ltr\" role=\"presentation\">2<\/span><span dir=\"ltr\" role=\"presentation\">00m<\/span><\/span><span id=\"page3R_mcid26\" class=\"markedContent\"><\/span><span id=\"page3R_mcid27\" class=\"markedContent\"><\/span><span id=\"page3R_mcid28\" class=\"markedContent\"><\/span><\/p>\n<p><span id=\"page3R_mcid28\" class=\"markedContent\"><br role=\"presentation\" \/><span dir=\"ltr\" role=\"presentation\">Jornada d&#8217;horabaixa, CARRERA A PEU 16h:<\/span><\/span><span id=\"page3R_mcid29\" class=\"markedContent\"><br role=\"presentation\" \/><\/span><span id=\"page3R_mcid30\" class=\"markedContent\"><span id=\"page3R_mcid22\" class=\"markedContent\"><span dir=\"ltr\" role=\"presentation\">o<\/span> <span dir=\"ltr\" role=\"presentation\">Cadets<\/span><span dir=\"ltr\" role=\"presentation\">, Ju<\/span><span dir=\"ltr\" role=\"presentation\">venil<\/span> <span dir=\"ltr\" role=\"presentation\">i Junior<\/span><\/span><span id=\"page3R_mcid23\" class=\"markedContent\"><\/span><br role=\"presentation\" \/><span dir=\"ltr\" role=\"presentation\">\u25aa<\/span> <span dir=\"ltr\" role=\"presentation\">1\u00aa <span id=\"page3R_mcid23\" class=\"markedContent\">prova<\/span>: 1.000m + <\/span><\/span><span id=\"page3R_mcid31\" class=\"markedContent\"><span id=\"page3R_mcid23\" class=\"markedContent\"><span dir=\"ltr\" role=\"presentation\">descans m\u00ednim 30 minuts.<\/span><\/span><span id=\"page3R_mcid24\" class=\"markedContent\"><\/span><br role=\"presentation\" \/><span dir=\"ltr\" role=\"presentation\">\u25aa<\/span> <span dir=\"ltr\" role=\"presentation\">2\u00aa <span id=\"page3R_mcid30\" class=\"markedContent\"><span id=\"page3R_mcid23\" class=\"markedContent\">prova<\/span><\/span>: 200m.<\/span><\/span><span id=\"page3R_mcid32\" class=\"markedContent\"><br role=\"presentation\" \/><span dir=\"ltr\" role=\"presentation\">o<\/span> <span dir=\"ltr\" role=\"presentation\">Paratriatletes: 1000m<\/span><\/span><\/p>\n<p>&nbsp;<\/p>\n<p>Les inscripcions s&#8217;han de fer al seg\u00fcent enlla\u00e7 (individual per cada esportista)<\/p>\n<p><a href=\"https:\/\/docs.google.com\/forms\/d\/1OGZ3xzPNrLepvwN-ERxj8grAMV2F3XefS2vwWcTCg44\/edit\">Inscripci\u00f3 2022<\/a><\/p>\n<p>Els menors han d&#8217;adjuntar aquesta autoritzaci\u00f3<\/p>\n<p><a href=\"http:\/\/fetrib.com\/web\/wp-content\/uploads\/2022\/01\/Autorizacio\u0301n-Menores.docx\">Autorizacio\u0301n Menores<\/a><\/p>\n","protected":false},"excerpt":{"rendered":"<p>CONVOCAT\u00d2RIA: esportistes cadets, juvenils, j\u00fanior y paratriatletes en la temporada 2022 Cadet: 2008&#8211; 2007 Juvenil: 2006&#8211; 2005 J\u00fanior: 2004&#8211; 2003 Paratriatletes: menors de 30 anys Jornada de mat\u00ed, NATACI\u00d3 8:30h:o Cadets, Juvenil i Junior\u25aa 1\u00aa prova 100m, descans m\u00ednim 30 minuts.\u25aa 2\u00aa prova 400m.o Paratriatletes: 200m Jornada d&#8217;horabaixa, CARRERA A PEU 16h:o Cadets, Juvenil i &#8230;<\/p>\n","protected":false},"author":1,"featured_media":3810,"comment_status":"closed","ping_status":"open","sticky":false,"template":"","format":"standard","meta":{"_uag_custom_page_level_css":"","footnotes":""},"categories":[29,37],"tags":[],"class_list":["post-3808","post","type-post","status-publish","format-standard","has-post-thumbnail","hentry","category-escolar-base","category-latest-news"],"uagb_featured_image_src":{"full":["https:\/\/fetrib.com\/web\/wp-content\/uploads\/2022\/01\/Captura-de-pantalla-2022-01-13-a-les-11.35.14.png",907,704,false],"thumbnail":["https:\/\/fetrib.com\/web\/wp-content\/uploads\/2022\/01\/Captura-de-pantalla-2022-01-13-a-les-11.35.14-150x150.png",150,150,true],"medium":["https:\/\/fetrib.com\/web\/wp-content\/uploads\/2022\/01\/Captura-de-pantalla-2022-01-13-a-les-11.35.14-300x233.png",300,233,true],"medium_large":["https:\/\/fetrib.com\/web\/wp-content\/uploads\/2022\/01\/Captura-de-pantalla-2022-01-13-a-les-11.35.14-768x596.png",620,481,true],"large":["https:\/\/fetrib.com\/web\/wp-content\/uploads\/2022\/01\/Captura-de-pantalla-2022-01-13-a-les-11.35.14.png",620,481,false],"1536x1536":["https:\/\/fetrib.com\/web\/wp-content\/uploads\/2022\/01\/Captura-de-pantalla-2022-01-13-a-les-11.35.14.png",907,704,false],"2048x2048":["https:\/\/fetrib.com\/web\/wp-content\/uploads\/2022\/01\/Captura-de-pantalla-2022-01-13-a-les-11.35.14.png",907,704,false],"tie-small":["https:\/\/fetrib.com\/web\/wp-content\/uploads\/2022\/01\/Captura-de-pantalla-2022-01-13-a-les-11.35.14-70x70.png",70,70,true],"tie-large":["https:\/\/fetrib.com\/web\/wp-content\/uploads\/2022\/01\/Captura-de-pantalla-2022-01-13-a-les-11.35.14-300x160.png",300,160,true],"slider":["https:\/\/fetrib.com\/web\/wp-content\/uploads\/2022\/01\/Captura-de-pantalla-2022-01-13-a-les-11.35.14-620x330.png",620,330,true]},"uagb_author_info":{"display_name":"admin","author_link":"https:\/\/fetrib.com\/web\/author\/admin\/"},"uagb_comment_info":0,"uagb_excerpt":"CONVOCAT\u00d2RIA: esportistes cadets, juvenils, j\u00fanior y paratriatletes en la temporada 2022 Cadet: 2008&#8211; 2007 Juvenil: 2006&#8211; 2005 J\u00fanior: 2004&#8211; 2003 Paratriatletes: menors de 30 anys Jornada de mat\u00ed, NATACI\u00d3 8:30h:o Cadets, Juvenil i Junior\u25aa 1\u00aa prova 100m, descans m\u00ednim 30 minuts.\u25aa 2\u00aa prova 400m.o Paratriatletes: 200m Jornada d&#8217;horabaixa, CARRERA A PEU 16h:o Cadets, Juvenil i&hellip;","_links":{"self":[{"href":"https:\/\/fetrib.com\/web\/wp-json\/wp\/v2\/posts\/3808","targetHints":{"allow":["GET"]}}],"collection":[{"href":"https:\/\/fetrib.com\/web\/wp-json\/wp\/v2\/posts"}],"about":[{"href":"https:\/\/fetrib.com\/web\/wp-json\/wp\/v2\/types\/post"}],"author":[{"embeddable":true,"href":"https:\/\/fetrib.com\/web\/wp-json\/wp\/v2\/users\/1"}],"replies":[{"embeddable":true,"href":"https:\/\/fetrib.com\/web\/wp-json\/wp\/v2\/comments?post=3808"}],"version-history":[{"count":4,"href":"https:\/\/fetrib.com\/web\/wp-json\/wp\/v2\/posts\/3808\/revisions"}],"predecessor-version":[{"id":4358,"href":"https:\/\/fetrib.com\/web\/wp-json\/wp\/v2\/posts\/3808\/revisions\/4358"}],"wp:featuredmedia":[{"embeddable":true,"href":"https:\/\/fetrib.com\/web\/wp-json\/wp\/v2\/media\/3810"}],"wp:attachment":[{"href":"https:\/\/fetrib.com\/web\/wp-json\/wp\/v2\/media?parent=3808"}],"wp:term":[{"taxonomy":"category","embeddable":true,"href":"https:\/\/fetrib.com\/web\/wp-json\/wp\/v2\/categories?post=3808"},{"taxonomy":"post_tag","embeddable":true,"href":"https:\/\/fetrib.com\/web\/wp-json\/wp\/v2\/tags?post=3808"}],"curies":[{"name":"wp","href":"https:\/\/api.w.org\/{rel}","templated":true}]}}