{"id":382,"date":"2013-12-23T08:22:49","date_gmt":"2013-12-23T08:22:49","guid":{"rendered":"http:\/\/www.fetrib.com\/web2018\/news\/latest-news\/un-desconegut-thum-steffen-s-imposa-al-duatlo-invertit-de-manacor\/"},"modified":"2013-12-23T08:22:49","modified_gmt":"2013-12-23T08:22:49","slug":"un-desconegut-thum-steffen-s-imposa-al-duatlo-invertit-de-manacor","status":"publish","type":"post","link":"https:\/\/fetrib.com\/web\/2013\/12\/23\/un-desconegut-thum-steffen-s-imposa-al-duatlo-invertit-de-manacor\/","title":{"rendered":"Un desconegut Thum Steffen s&#8217;imposa al Duatl\u00f3 Invertit de Manacor"},"content":{"rendered":"<p><span lang=\"ca\"><span title=\"La cuarta edici\u00f3n del DUATLO INVERTIT DE MANACOR depar\u00f3 sorpresa en lo que se refiere al vencedor absoluto.\"><img decoding=\"async\" class=\" size-full wp-image-381\" src=\"http:\/\/fetrib.com\/web\/wp-content\/uploads\/2013\/12\/podium_invertit_manacor.jpg\" border=\"0\" alt=\"\" width=\"75%\" style=\"display: block; margin-left: auto; margin-right: auto;\" srcset=\"https:\/\/fetrib.com\/web\/wp-content\/uploads\/2013\/12\/podium_invertit_manacor.jpg 695w, https:\/\/fetrib.com\/web\/wp-content\/uploads\/2013\/12\/podium_invertit_manacor-300x229.jpg 300w\" sizes=\"(max-width: 695px) 100vw, 695px\" \/><\/span><\/span><\/p>\n<p><span lang=\"ca\"><span title=\"La cuarta edici\u00f3n del DUATLO INVERTIT DE MANACOR depar\u00f3 sorpresa en lo que se refiere al vencedor absoluto.\">La quarta edici\u00f3 del Duatl\u00f3 Invertit de Manacor va oferir sorpresa pel que fa al guanyador absolut. <\/span><span title=\"Un desconocido Thum Steffen se impuso en la l\u00ednea de meta por delante de Lluis Gabriel Bauza, y tercero en meta el corredor Gabriel Pons.\">Un desconegut Thum Steffen es va imposar en la l\u00ednia de meta per davant de Llu\u00eds Gabriel Bauza, i tercer en meta el corredor Gabriel Pons .<br \/><\/span><\/span><\/p>\n<p>  <!--more-->  <\/p>\n<p><span id=\"result_box\" lang=\"ca\"><span title=\"El buen tiempo reinante provoco que un gran n\u00famero de atletas se presentara en Manacor para participar en este duatl\u00f3n, que tiene la particularidad de tener invertido el orden de los sectores que se disputa el duatl\u00f3n.\">El bon temps regnant va provocar que un gran nombre d&#8217;atletes es present\u00e9s a Manacor per participar en aquest duatl\u00f3 , que t\u00e9 la particularitat de tenir invertit l&#8217;ordre dels sectors que es disputa el duatl\u00f3 .<\/p>\n<p><\/span><span title=\"Espectacular lucha la que mantuvieron los participantes por relevos.\">Espectacular lluita la que van mantenir els participants per relleus . <\/span><span title=\"Al final se impuso la pareja formada por Juan C.\">Al final es va imposar la parella formada per Juan C. <\/span><span title=\"Riutort y Gabriel Capo, por delante de la formada por Lluis Mas y Pep Lluis Busquets, terceros Guiem Duran y Sebastian Amer.\">Riutort i Gabriel Capo , per davant de la formada per Llu\u00eds Mas i Pep Llu\u00eds Busquets , tercers Guiem Duran i Sebastian Amer .<\/p>\n<p><\/span><span title=\"En relevos Mixtos Marga Fullana y Jeroni Pep Fullana por delante de Jose M.Soto y Rosa Bauza.\">En relleus Mixtes Marga Fullana i Jeroni Pep Fullana per davant de Jose M.Soto i Rosa Bauza .<\/p>\n<p><\/span><span title=\"Otros triunfadores fueron Gabriel Pons en Juniors, Monserrat Mariano en Sub 23, Adran Gomis en M40 y Tomeu Vives en M50.\">Altres triomfadors van ser Gabriel Pons en Juniors , Monserrat Mariano en Sub 23 , Adran Gomis en M40 i Tomeu Vives a M50 .<\/p>\n<p><\/span><span title=\"A\u00f1o tras a\u00f1o este peculiar duatl\u00f3n se afianza en el calendario balear.\">Any rere any aquest peculiar duatl\u00f3 es consolida en el calendari balear .<\/span><\/span><\/p>\n","protected":false},"excerpt":{"rendered":"<p>La quarta edici\u00f3 del Duatl\u00f3 Invertit de Manacor va oferir sorpresa pel que fa al guanyador absolut. Un desconegut Thum Steffen es va imposar en la l\u00ednia de meta per davant de Llu\u00eds Gabriel Bauza, i tercer en meta el corredor Gabriel Pons .<\/p>\n","protected":false},"author":1,"featured_media":381,"comment_status":"open","ping_status":"open","sticky":false,"template":"","format":"standard","meta":{"_uag_custom_page_level_css":"","footnotes":""},"categories":[37],"tags":[],"class_list":["post-382","post","type-post","status-publish","format-standard","has-post-thumbnail","hentry","category-latest-news"],"uagb_featured_image_src":{"full":["https:\/\/fetrib.com\/web\/wp-content\/uploads\/2013\/12\/podium_invertit_manacor.jpg",695,530,false],"thumbnail":["https:\/\/fetrib.com\/web\/wp-content\/uploads\/2013\/12\/podium_invertit_manacor-150x150.jpg",150,150,true],"medium":["https:\/\/fetrib.com\/web\/wp-content\/uploads\/2013\/12\/podium_invertit_manacor-300x229.jpg",300,229,true],"medium_large":["https:\/\/fetrib.com\/web\/wp-content\/uploads\/2013\/12\/podium_invertit_manacor.jpg",620,473,false],"large":["https:\/\/fetrib.com\/web\/wp-content\/uploads\/2013\/12\/podium_invertit_manacor.jpg",620,473,false],"1536x1536":["https:\/\/fetrib.com\/web\/wp-content\/uploads\/2013\/12\/podium_invertit_manacor.jpg",695,530,false],"2048x2048":["https:\/\/fetrib.com\/web\/wp-content\/uploads\/2013\/12\/podium_invertit_manacor.jpg",695,530,false],"tie-small":["https:\/\/fetrib.com\/web\/wp-content\/uploads\/2013\/12\/podium_invertit_manacor-70x70.jpg",70,70,true],"tie-large":["https:\/\/fetrib.com\/web\/wp-content\/uploads\/2013\/12\/podium_invertit_manacor-300x160.jpg",300,160,true],"slider":["https:\/\/fetrib.com\/web\/wp-content\/uploads\/2013\/12\/podium_invertit_manacor-620x330.jpg",620,330,true]},"uagb_author_info":{"display_name":"admin","author_link":"https:\/\/fetrib.com\/web\/author\/admin\/"},"uagb_comment_info":0,"uagb_excerpt":"La quarta edici\u00f3 del Duatl\u00f3 Invertit de Manacor va oferir sorpresa pel que fa al guanyador absolut. Un desconegut Thum Steffen es va imposar en la l\u00ednia de meta per davant de Llu\u00eds Gabriel Bauza, i tercer en meta el corredor Gabriel Pons .","_links":{"self":[{"href":"https:\/\/fetrib.com\/web\/wp-json\/wp\/v2\/posts\/382","targetHints":{"allow":["GET"]}}],"collection":[{"href":"https:\/\/fetrib.com\/web\/wp-json\/wp\/v2\/posts"}],"about":[{"href":"https:\/\/fetrib.com\/web\/wp-json\/wp\/v2\/types\/post"}],"author":[{"embeddable":true,"href":"https:\/\/fetrib.com\/web\/wp-json\/wp\/v2\/users\/1"}],"replies":[{"embeddable":true,"href":"https:\/\/fetrib.com\/web\/wp-json\/wp\/v2\/comments?post=382"}],"version-history":[{"count":0,"href":"https:\/\/fetrib.com\/web\/wp-json\/wp\/v2\/posts\/382\/revisions"}],"wp:featuredmedia":[{"embeddable":true,"href":"https:\/\/fetrib.com\/web\/wp-json\/wp\/v2\/media\/381"}],"wp:attachment":[{"href":"https:\/\/fetrib.com\/web\/wp-json\/wp\/v2\/media?parent=382"}],"wp:term":[{"taxonomy":"category","embeddable":true,"href":"https:\/\/fetrib.com\/web\/wp-json\/wp\/v2\/categories?post=382"},{"taxonomy":"post_tag","embeddable":true,"href":"https:\/\/fetrib.com\/web\/wp-json\/wp\/v2\/tags?post=382"}],"curies":[{"name":"wp","href":"https:\/\/api.w.org\/{rel}","templated":true}]}}