{"id":3840,"date":"2022-02-28T21:39:10","date_gmt":"2022-02-28T21:39:10","guid":{"rendered":"http:\/\/fetrib.com\/web\/?p=3840"},"modified":"2022-02-28T21:39:10","modified_gmt":"2022-02-28T21:39:10","slug":"guillem-tomeu-vadell-i-susana-sevillano-simposen-a-peguera","status":"publish","type":"post","link":"https:\/\/fetrib.com\/web\/2022\/02\/28\/guillem-tomeu-vadell-i-susana-sevillano-simposen-a-peguera\/","title":{"rendered":"Guillem Tomeu Vadell i Susana Sevillano s&#8217;imposen a Peguera"},"content":{"rendered":"<p>El duatl\u00f3 de Peguera don\u00e0 inici al I Lliga Trideporte de duatlons a Mallorca on s&#8217;imposaren Guillem Tomeu Vadell i Susana Sevillano.<\/p>\n<p>La prova es va disputar en format sprint sobre unes dist\u00e0ncies de 5km &#8211; 19km &#8211; 2,5km en un entorn meravell\u00f3s, recorrent el boulevard de Peguera i la platja de Tor\u00e0 .<\/p>\n<p>Guillem Tomeu Vadell va imposar el seu bon estat de forma superant a Sebasti\u00e0 Mascar\u00f3 i Riduan Rossi.<\/p>\n<p>En f\u00e8mines el podi va estar format per Susana Sevillano, Marta Rossell\u00f3 i Indre Barkute<\/p>\n<p><a href=\"http:\/\/fetrib.com\/web\/wp-content\/uploads\/2022\/02\/WhatsApp-Image-2022-02-27-at-10.46.26.jpeg\"><img loading=\"lazy\" decoding=\"async\" class=\"alignleft size-large wp-image-3842\" src=\"http:\/\/fetrib.com\/web\/wp-content\/uploads\/2022\/02\/WhatsApp-Image-2022-02-27-at-10.46.26-1024x768.jpeg\" alt=\"\" width=\"620\" height=\"465\" srcset=\"https:\/\/fetrib.com\/web\/wp-content\/uploads\/2022\/02\/WhatsApp-Image-2022-02-27-at-10.46.26-1024x768.jpeg 1024w, https:\/\/fetrib.com\/web\/wp-content\/uploads\/2022\/02\/WhatsApp-Image-2022-02-27-at-10.46.26-300x225.jpeg 300w, https:\/\/fetrib.com\/web\/wp-content\/uploads\/2022\/02\/WhatsApp-Image-2022-02-27-at-10.46.26-768x576.jpeg 768w, https:\/\/fetrib.com\/web\/wp-content\/uploads\/2022\/02\/WhatsApp-Image-2022-02-27-at-10.46.26.jpeg 1984w\" sizes=\"auto, (max-width: 620px) 100vw, 620px\" \/><\/a><\/p>\n<p>&nbsp;<\/p>\n<p>&nbsp;<\/p>\n<p>&nbsp;<\/p>\n<p>&nbsp;<\/p>\n<p>&nbsp;<\/p>\n<p>&nbsp;<\/p>\n<p>&nbsp;<\/p>\n<p>&nbsp;<\/p>\n<p>&nbsp;<\/p>\n<p>&nbsp;<\/p>\n<p>&nbsp;<\/p>\n<p>&nbsp;<\/p>\n<p>Amb aquesta prova dona inici la I lliga Trideporte de duatl\u00f3.<\/p>\n<p><a href=\"http:\/\/fetrib.com\/web\/wp-content\/uploads\/2022\/02\/Classificacio\u0301-de-Clubs.pdf\">Classificacio\u0301 de Clubs<\/a><\/p>\n<p><a href=\"http:\/\/fetrib.com\/web\/wp-content\/uploads\/2022\/02\/Classificacio\u0301-Femenina.pdf\">Classificacio\u0301 Femenina<\/a><\/p>\n<p><a href=\"http:\/\/fetrib.com\/web\/wp-content\/uploads\/2022\/02\/Classificacio\u0301-Masculina.pdf\">Classificacio\u0301 Masculina<\/a><\/p>\n","protected":false},"excerpt":{"rendered":"<p>El duatl\u00f3 de Peguera don\u00e0 inici al I Lliga Trideporte de duatlons a Mallorca on s&#8217;imposaren Guillem Tomeu Vadell i Susana Sevillano. La prova es va disputar en format sprint sobre unes dist\u00e0ncies de 5km &#8211; 19km &#8211; 2,5km en un entorn meravell\u00f3s, recorrent el boulevard de Peguera i la platja de Tor\u00e0 . Guillem &#8230;<\/p>\n","protected":false},"author":1,"featured_media":3841,"comment_status":"closed","ping_status":"open","sticky":false,"template":"","format":"standard","meta":{"_uag_custom_page_level_css":"","footnotes":""},"categories":[1],"tags":[],"class_list":["post-3840","post","type-post","status-publish","format-standard","has-post-thumbnail","hentry","category-general"],"uagb_featured_image_src":{"full":["https:\/\/fetrib.com\/web\/wp-content\/uploads\/2022\/02\/WhatsApp-Image-2022-02-27-at-10.36.23.jpeg",1984,1488,false],"thumbnail":["https:\/\/fetrib.com\/web\/wp-content\/uploads\/2022\/02\/WhatsApp-Image-2022-02-27-at-10.36.23-150x150.jpeg",150,150,true],"medium":["https:\/\/fetrib.com\/web\/wp-content\/uploads\/2022\/02\/WhatsApp-Image-2022-02-27-at-10.36.23-300x225.jpeg",300,225,true],"medium_large":["https:\/\/fetrib.com\/web\/wp-content\/uploads\/2022\/02\/WhatsApp-Image-2022-02-27-at-10.36.23-768x576.jpeg",620,465,true],"large":["https:\/\/fetrib.com\/web\/wp-content\/uploads\/2022\/02\/WhatsApp-Image-2022-02-27-at-10.36.23-1024x768.jpeg",620,465,true],"1536x1536":["https:\/\/fetrib.com\/web\/wp-content\/uploads\/2022\/02\/WhatsApp-Image-2022-02-27-at-10.36.23.jpeg",1536,1152,false],"2048x2048":["https:\/\/fetrib.com\/web\/wp-content\/uploads\/2022\/02\/WhatsApp-Image-2022-02-27-at-10.36.23.jpeg",1984,1488,false],"tie-small":["https:\/\/fetrib.com\/web\/wp-content\/uploads\/2022\/02\/WhatsApp-Image-2022-02-27-at-10.36.23-70x70.jpeg",70,70,true],"tie-large":["https:\/\/fetrib.com\/web\/wp-content\/uploads\/2022\/02\/WhatsApp-Image-2022-02-27-at-10.36.23-300x160.jpeg",300,160,true],"slider":["https:\/\/fetrib.com\/web\/wp-content\/uploads\/2022\/02\/WhatsApp-Image-2022-02-27-at-10.36.23-620x330.jpeg",620,330,true]},"uagb_author_info":{"display_name":"admin","author_link":"https:\/\/fetrib.com\/web\/author\/admin\/"},"uagb_comment_info":0,"uagb_excerpt":"El duatl\u00f3 de Peguera don\u00e0 inici al I Lliga Trideporte de duatlons a Mallorca on s&#8217;imposaren Guillem Tomeu Vadell i Susana Sevillano. La prova es va disputar en format sprint sobre unes dist\u00e0ncies de 5km &#8211; 19km &#8211; 2,5km en un entorn meravell\u00f3s, recorrent el boulevard de Peguera i la platja de Tor\u00e0 . Guillem&hellip;","_links":{"self":[{"href":"https:\/\/fetrib.com\/web\/wp-json\/wp\/v2\/posts\/3840","targetHints":{"allow":["GET"]}}],"collection":[{"href":"https:\/\/fetrib.com\/web\/wp-json\/wp\/v2\/posts"}],"about":[{"href":"https:\/\/fetrib.com\/web\/wp-json\/wp\/v2\/types\/post"}],"author":[{"embeddable":true,"href":"https:\/\/fetrib.com\/web\/wp-json\/wp\/v2\/users\/1"}],"replies":[{"embeddable":true,"href":"https:\/\/fetrib.com\/web\/wp-json\/wp\/v2\/comments?post=3840"}],"version-history":[{"count":1,"href":"https:\/\/fetrib.com\/web\/wp-json\/wp\/v2\/posts\/3840\/revisions"}],"predecessor-version":[{"id":3846,"href":"https:\/\/fetrib.com\/web\/wp-json\/wp\/v2\/posts\/3840\/revisions\/3846"}],"wp:featuredmedia":[{"embeddable":true,"href":"https:\/\/fetrib.com\/web\/wp-json\/wp\/v2\/media\/3841"}],"wp:attachment":[{"href":"https:\/\/fetrib.com\/web\/wp-json\/wp\/v2\/media?parent=3840"}],"wp:term":[{"taxonomy":"category","embeddable":true,"href":"https:\/\/fetrib.com\/web\/wp-json\/wp\/v2\/categories?post=3840"},{"taxonomy":"post_tag","embeddable":true,"href":"https:\/\/fetrib.com\/web\/wp-json\/wp\/v2\/tags?post=3840"}],"curies":[{"name":"wp","href":"https:\/\/api.w.org\/{rel}","templated":true}]}}