{"id":3850,"date":"2022-03-06T18:15:25","date_gmt":"2022-03-06T18:15:25","guid":{"rendered":"http:\/\/fetrib.com\/web\/?p=3850"},"modified":"2022-03-06T18:37:48","modified_gmt":"2022-03-06T18:37:48","slug":"ferrer-y-tous-vencen-en-sineu","status":"publish","type":"post","link":"https:\/\/fetrib.com\/web\/2022\/03\/06\/ferrer-y-tous-vencen-en-sineu\/","title":{"rendered":"Ferrer y Tous vencen en Sineu"},"content":{"rendered":"<p><em>Joan Ferrer y Xisca Tous se proclaman vencedores del duatl\u00f3n de Sineu, prueba puntuable para la I Liga Trideporte de Duatl\u00f3n.<\/em><\/p>\n<p>En un apretado sprint Joan Ferrer (S&#8217;Escapada) se ha proclamado vencedor del duatl\u00f3n de Sineu, sobrepasando a falta de 50 metros a Guillem Tomeu Vadell (Viva-Raiguer) que conseguia la segunda posici\u00f3n. Tercero fue Antoni Juan (Xtrem Calvia) a solo 12 segundos del vencedor.<\/p>\n<p>En chicas Xisca Tous (<span dir=\"ltr\" role=\"presentation\">Isbilya-Sloppy Joes<\/span>) ha mostrado su autoridad haciendo la carrera en solitario desde el inicio. Por detr\u00e1s un grupo de 5 triatletas se ha disputado el resto de posiciones en el podio. Chl\u00f3e Serra (Niuwave Bicicletes) cog\u00eda ventaja en el segmento de ciclismo, un segmento que debido a la lluvia se ha vuelto peligroso y en el que ha habido varias caidas. La Tercera posici\u00f3n ha sido para la atleta del Xtrem Calvi\u00e1, Nora Romero.<\/p>\n<p><a href=\"http:\/\/fetrib.com\/web\/wp-content\/uploads\/2022\/03\/WhatsApp-Image-2022-03-06-at-15.12.09.jpeg\"><img loading=\"lazy\" decoding=\"async\" class=\"size-large wp-image-3851 aligncenter\" src=\"http:\/\/fetrib.com\/web\/wp-content\/uploads\/2022\/03\/WhatsApp-Image-2022-03-06-at-15.12.09-1024x576.jpeg\" alt=\"\" width=\"620\" height=\"349\" srcset=\"https:\/\/fetrib.com\/web\/wp-content\/uploads\/2022\/03\/WhatsApp-Image-2022-03-06-at-15.12.09-1024x576.jpeg 1024w, https:\/\/fetrib.com\/web\/wp-content\/uploads\/2022\/03\/WhatsApp-Image-2022-03-06-at-15.12.09-300x169.jpeg 300w, https:\/\/fetrib.com\/web\/wp-content\/uploads\/2022\/03\/WhatsApp-Image-2022-03-06-at-15.12.09-768x432.jpeg 768w, https:\/\/fetrib.com\/web\/wp-content\/uploads\/2022\/03\/WhatsApp-Image-2022-03-06-at-15.12.09.jpeg 1920w\" sizes=\"auto, (max-width: 620px) 100vw, 620px\" \/><\/a><\/p>\n<p>Por Clubs, el podio masculino lo han formado el Viva Raiguer, Xtrem Calvia, y Club Deportivo VAS, mientras que en el femenino el Xtrem Calvi\u00e1 se impuso al Ibiza Half Triathlon y al Palmarunners.<\/p>\n<p>La lluvia no ha entorpecido una gran jornada de duatl\u00f3n, en la que han participado m\u00e1s de 150 triatletas.<\/p>\n<p>La jornada fue completada con la disputa de un duatl\u00f3n Supersprint en la que participaron las categorias de cadete e infantil.<\/p>\n<p>El proximo fin de semana se disputar\u00e1 en Llucmajor la tercera jornada de la I Liga Trideporte de duatl\u00f3n, en formato supersprint.<\/p>\n<p>&nbsp;<\/p>\n","protected":false},"excerpt":{"rendered":"<p>Joan Ferrer y Xisca Tous se proclaman vencedores del duatl\u00f3n de Sineu, prueba puntuable para la I Liga Trideporte de Duatl\u00f3n. En un apretado sprint Joan Ferrer (S&#8217;Escapada) se ha proclamado vencedor del duatl\u00f3n de Sineu, sobrepasando a falta de 50 metros a Guillem Tomeu Vadell (Viva-Raiguer) que conseguia la segunda posici\u00f3n. Tercero fue Antoni &#8230;<\/p>\n","protected":false},"author":1,"featured_media":3852,"comment_status":"closed","ping_status":"open","sticky":false,"template":"","format":"standard","meta":{"_uag_custom_page_level_css":"","footnotes":""},"categories":[1],"tags":[],"class_list":["post-3850","post","type-post","status-publish","format-standard","has-post-thumbnail","hentry","category-general"],"uagb_featured_image_src":{"full":["https:\/\/fetrib.com\/web\/wp-content\/uploads\/2022\/03\/WhatsApp-Image-2022-03-06-at-15.12.08.jpeg",1920,1080,false],"thumbnail":["https:\/\/fetrib.com\/web\/wp-content\/uploads\/2022\/03\/WhatsApp-Image-2022-03-06-at-15.12.08-150x150.jpeg",150,150,true],"medium":["https:\/\/fetrib.com\/web\/wp-content\/uploads\/2022\/03\/WhatsApp-Image-2022-03-06-at-15.12.08-300x169.jpeg",300,169,true],"medium_large":["https:\/\/fetrib.com\/web\/wp-content\/uploads\/2022\/03\/WhatsApp-Image-2022-03-06-at-15.12.08-768x432.jpeg",620,349,true],"large":["https:\/\/fetrib.com\/web\/wp-content\/uploads\/2022\/03\/WhatsApp-Image-2022-03-06-at-15.12.08-1024x576.jpeg",620,349,true],"1536x1536":["https:\/\/fetrib.com\/web\/wp-content\/uploads\/2022\/03\/WhatsApp-Image-2022-03-06-at-15.12.08.jpeg",1536,864,false],"2048x2048":["https:\/\/fetrib.com\/web\/wp-content\/uploads\/2022\/03\/WhatsApp-Image-2022-03-06-at-15.12.08.jpeg",1920,1080,false],"tie-small":["https:\/\/fetrib.com\/web\/wp-content\/uploads\/2022\/03\/WhatsApp-Image-2022-03-06-at-15.12.08-70x70.jpeg",70,70,true],"tie-large":["https:\/\/fetrib.com\/web\/wp-content\/uploads\/2022\/03\/WhatsApp-Image-2022-03-06-at-15.12.08-300x160.jpeg",300,160,true],"slider":["https:\/\/fetrib.com\/web\/wp-content\/uploads\/2022\/03\/WhatsApp-Image-2022-03-06-at-15.12.08-620x330.jpeg",620,330,true]},"uagb_author_info":{"display_name":"admin","author_link":"https:\/\/fetrib.com\/web\/author\/admin\/"},"uagb_comment_info":0,"uagb_excerpt":"Joan Ferrer y Xisca Tous se proclaman vencedores del duatl\u00f3n de Sineu, prueba puntuable para la I Liga Trideporte de Duatl\u00f3n. En un apretado sprint Joan Ferrer (S&#8217;Escapada) se ha proclamado vencedor del duatl\u00f3n de Sineu, sobrepasando a falta de 50 metros a Guillem Tomeu Vadell (Viva-Raiguer) que conseguia la segunda posici\u00f3n. Tercero fue Antoni&hellip;","_links":{"self":[{"href":"https:\/\/fetrib.com\/web\/wp-json\/wp\/v2\/posts\/3850","targetHints":{"allow":["GET"]}}],"collection":[{"href":"https:\/\/fetrib.com\/web\/wp-json\/wp\/v2\/posts"}],"about":[{"href":"https:\/\/fetrib.com\/web\/wp-json\/wp\/v2\/types\/post"}],"author":[{"embeddable":true,"href":"https:\/\/fetrib.com\/web\/wp-json\/wp\/v2\/users\/1"}],"replies":[{"embeddable":true,"href":"https:\/\/fetrib.com\/web\/wp-json\/wp\/v2\/comments?post=3850"}],"version-history":[{"count":2,"href":"https:\/\/fetrib.com\/web\/wp-json\/wp\/v2\/posts\/3850\/revisions"}],"predecessor-version":[{"id":3854,"href":"https:\/\/fetrib.com\/web\/wp-json\/wp\/v2\/posts\/3850\/revisions\/3854"}],"wp:featuredmedia":[{"embeddable":true,"href":"https:\/\/fetrib.com\/web\/wp-json\/wp\/v2\/media\/3852"}],"wp:attachment":[{"href":"https:\/\/fetrib.com\/web\/wp-json\/wp\/v2\/media?parent=3850"}],"wp:term":[{"taxonomy":"category","embeddable":true,"href":"https:\/\/fetrib.com\/web\/wp-json\/wp\/v2\/categories?post=3850"},{"taxonomy":"post_tag","embeddable":true,"href":"https:\/\/fetrib.com\/web\/wp-json\/wp\/v2\/tags?post=3850"}],"curies":[{"name":"wp","href":"https:\/\/api.w.org\/{rel}","templated":true}]}}