{"id":3864,"date":"2022-03-13T15:24:08","date_gmt":"2022-03-13T15:24:08","guid":{"rendered":"http:\/\/fetrib.com\/web\/?p=3864"},"modified":"2022-03-13T15:27:28","modified_gmt":"2022-03-13T15:27:28","slug":"guillem-tomeu-vadell-y-nora-romero-vencen-el-duatlon-de-llucmajor-tercera-prueba-puntuable-para-la-i-liga-trideporte-de-duatlon","status":"publish","type":"post","link":"https:\/\/fetrib.com\/web\/2022\/03\/13\/guillem-tomeu-vadell-y-nora-romero-vencen-el-duatlon-de-llucmajor-tercera-prueba-puntuable-para-la-i-liga-trideporte-de-duatlon\/","title":{"rendered":"Guillem Tomeu Vadell y Nora Romero vencen el Duatl\u00f3n de Llucmajor, tercera prueba puntuable para la I liga Trideporte de Duatl\u00f3n."},"content":{"rendered":"<p><em>El del Viva-Raiguer y la del Xtrem Calvia han impuesto su superioridad en la prueba venciendo en la final de una prueba disputada en formato supersprint con semifinales y final, sobre unas distancias de 2km de carrera, 6km de ciclismo y 1 km de carrera para finalizar.<\/em><\/p>\n<p>El pol\u00edgono de Son Noguera de Llucmajor acog\u00eda la tercera prueba puntuable para la I Liga Trideporte de Duatl\u00f3n, estrenando nuevo formato con tandas clasificatorias y finales para ambos sexos.<\/p>\n<p>La prueba arrancaba a las 9:30 con tres tandas clasificatorias, dos masculinas y una femenina. En la masculina clasificaban para la final los 10 primeros de cada tanda, m\u00e1s los 5 mejores tiempos no clasificados por posici\u00f3n. La rapidez con la que se ha corrido la primera tanda ha hecho que de la posici\u00f3n 11 a la 15 hayan entrado en la final por tiempos, y ninguno de la segunda tanda. En chicas se clasificaban las 15 mejores por posici\u00f3n.<\/p>\n<p>A las 11:45 arrancaba la final femenina con un grupo formado por Victoria Benavides, Andrea Emmery, Marta Rossell\u00f3 y Nora Romero. En el segmento ciclista, el grupo se ha roto quedando en primera posici\u00f3n Victoria Benavides y Nora Romero. En el \u00faltimo segmento la Triatleta del CTEIB ha impusto un fuerte ritmo que le ha permitido llegar en primera posici\u00f3n a la meta. A 11 segundos ha llegado Marta Rossell\u00f3 (Palmarunners) y ha completado el podio Victoria Benavides (Can Calco Hotels).<\/p>\n<p>A las 12:30 era el turno de los hombres, con un gran grupo de favoritos a llevarse la victoria. El primer segmento no decepcionaba las espectativas y entraban juntos un grupo de 6 participantes seguidos a 10 segundos de un grupo perseguidor formado por 6 triatletas.<\/p>\n<p>Durante la primera vuelta en bici los dos grupos se un\u00edan ampliando as\u00ed el grupo de candidatos al podio final. Durante la \u00faltima vuelta Sebasti\u00e0 Mascar\u00f3 y Guillem Tomeu estiraban el grupo hasta quedarse en solitario, alcanzando una ventaja que les serviria para llegar a la transici\u00f3n en primer lugar.<\/p>\n<p>El \u00faltimo kil\u00f3metro de carrera se hizo a un ritmo fren\u00e9tico, desde el inicio Guillem Tomeu se puso en primer lugar cogiendo una ventaja que mantendr\u00eda hasta la meta. Sebasti\u00e0 Mascar\u00f3 (R3 Ripollet) hizo lo posible por alcanzarlo, pero se tuvo que conformar con la segunda posici\u00f3n. Complet\u00f3 el podio Jorge Morcillo (Ecosport Alcobendas), a 9 segundos del vencedor.<\/p>\n<p>La clasificaci\u00f3n de clubs masculina la han formado el Viva-Raiguer, seguido del Xtrem Calvia i el Club Deportivo Vas, en mujeres se ha alzado con la primera posici\u00f3n el Xtrem Calvi\u00e0, seguidas del Total Team Mallorca i el Palmarunners.<\/p>\n<p style=\"text-align: center;\"><a href=\"http:\/\/fetrib.com\/web\/wp-content\/uploads\/2022\/03\/Clubs-femenino.jpeg\"><img loading=\"lazy\" decoding=\"async\" class=\"wp-image-3867 aligncenter\" src=\"http:\/\/fetrib.com\/web\/wp-content\/uploads\/2022\/03\/Clubs-femenino-1024x768.jpeg\" alt=\"\" width=\"536\" height=\"402\" srcset=\"https:\/\/fetrib.com\/web\/wp-content\/uploads\/2022\/03\/Clubs-femenino-1024x768.jpeg 1024w, https:\/\/fetrib.com\/web\/wp-content\/uploads\/2022\/03\/Clubs-femenino-300x225.jpeg 300w, https:\/\/fetrib.com\/web\/wp-content\/uploads\/2022\/03\/Clubs-femenino-768x576.jpeg 768w, https:\/\/fetrib.com\/web\/wp-content\/uploads\/2022\/03\/Clubs-femenino.jpeg 1599w\" sizes=\"auto, (max-width: 536px) 100vw, 536px\" \/><\/a><\/p>\n<p>&nbsp;<\/p>\n<p>&nbsp;<\/p>\n<p>\u00c9ric Jare\u00f1o, alcalde de Llucmajor, Ignasi Colom, presidente de la FETRIB y Xisca Tous, vicepresidenta, han sido los encargados de entregar los premios a los vencedores.<\/p>\n<p>La pr\u00f3xima semana se disputar\u00e1 el campeonato de Balears de Duatl\u00f3n en Sa Pobla, prueba que cerrar\u00e1 la I liga Trideporte de duatl\u00f3n.<\/p>\n<p><a href=\"http:\/\/fetrib.com\/web\/wp-content\/uploads\/2022\/03\/Clubs-masculino.jpeg\"><img loading=\"lazy\" decoding=\"async\" class=\"size-large wp-image-3866 aligncenter\" src=\"http:\/\/fetrib.com\/web\/wp-content\/uploads\/2022\/03\/Clubs-masculino-1024x576.jpeg\" alt=\"\" width=\"620\" height=\"349\" srcset=\"https:\/\/fetrib.com\/web\/wp-content\/uploads\/2022\/03\/Clubs-masculino-1024x576.jpeg 1024w, https:\/\/fetrib.com\/web\/wp-content\/uploads\/2022\/03\/Clubs-masculino-300x169.jpeg 300w, https:\/\/fetrib.com\/web\/wp-content\/uploads\/2022\/03\/Clubs-masculino-768x432.jpeg 768w, https:\/\/fetrib.com\/web\/wp-content\/uploads\/2022\/03\/Clubs-masculino.jpeg 1599w\" sizes=\"auto, (max-width: 620px) 100vw, 620px\" \/><\/a><\/p>\n","protected":false},"excerpt":{"rendered":"<p>El del Viva-Raiguer y la del Xtrem Calvia han impuesto su superioridad en la prueba venciendo en la final de una prueba disputada en formato supersprint con semifinales y final, sobre unas distancias de 2km de carrera, 6km de ciclismo y 1 km de carrera para finalizar. El pol\u00edgono de Son Noguera de Llucmajor acog\u00eda &#8230;<\/p>\n","protected":false},"author":1,"featured_media":3865,"comment_status":"closed","ping_status":"open","sticky":false,"template":"","format":"standard","meta":{"_uag_custom_page_level_css":"","footnotes":""},"categories":[1],"tags":[],"class_list":["post-3864","post","type-post","status-publish","format-standard","has-post-thumbnail","hentry","category-general"],"uagb_featured_image_src":{"full":["https:\/\/fetrib.com\/web\/wp-content\/uploads\/2022\/03\/Vencedores.jpeg",1920,1080,false],"thumbnail":["https:\/\/fetrib.com\/web\/wp-content\/uploads\/2022\/03\/Vencedores-150x150.jpeg",150,150,true],"medium":["https:\/\/fetrib.com\/web\/wp-content\/uploads\/2022\/03\/Vencedores-300x169.jpeg",300,169,true],"medium_large":["https:\/\/fetrib.com\/web\/wp-content\/uploads\/2022\/03\/Vencedores-768x432.jpeg",620,349,true],"large":["https:\/\/fetrib.com\/web\/wp-content\/uploads\/2022\/03\/Vencedores-1024x576.jpeg",620,349,true],"1536x1536":["https:\/\/fetrib.com\/web\/wp-content\/uploads\/2022\/03\/Vencedores.jpeg",1536,864,false],"2048x2048":["https:\/\/fetrib.com\/web\/wp-content\/uploads\/2022\/03\/Vencedores.jpeg",1920,1080,false],"tie-small":["https:\/\/fetrib.com\/web\/wp-content\/uploads\/2022\/03\/Vencedores-70x70.jpeg",70,70,true],"tie-large":["https:\/\/fetrib.com\/web\/wp-content\/uploads\/2022\/03\/Vencedores-300x160.jpeg",300,160,true],"slider":["https:\/\/fetrib.com\/web\/wp-content\/uploads\/2022\/03\/Vencedores-620x330.jpeg",620,330,true]},"uagb_author_info":{"display_name":"admin","author_link":"https:\/\/fetrib.com\/web\/author\/admin\/"},"uagb_comment_info":0,"uagb_excerpt":"El del Viva-Raiguer y la del Xtrem Calvia han impuesto su superioridad en la prueba venciendo en la final de una prueba disputada en formato supersprint con semifinales y final, sobre unas distancias de 2km de carrera, 6km de ciclismo y 1 km de carrera para finalizar. El pol\u00edgono de Son Noguera de Llucmajor acog\u00eda&hellip;","_links":{"self":[{"href":"https:\/\/fetrib.com\/web\/wp-json\/wp\/v2\/posts\/3864","targetHints":{"allow":["GET"]}}],"collection":[{"href":"https:\/\/fetrib.com\/web\/wp-json\/wp\/v2\/posts"}],"about":[{"href":"https:\/\/fetrib.com\/web\/wp-json\/wp\/v2\/types\/post"}],"author":[{"embeddable":true,"href":"https:\/\/fetrib.com\/web\/wp-json\/wp\/v2\/users\/1"}],"replies":[{"embeddable":true,"href":"https:\/\/fetrib.com\/web\/wp-json\/wp\/v2\/comments?post=3864"}],"version-history":[{"count":6,"href":"https:\/\/fetrib.com\/web\/wp-json\/wp\/v2\/posts\/3864\/revisions"}],"predecessor-version":[{"id":3873,"href":"https:\/\/fetrib.com\/web\/wp-json\/wp\/v2\/posts\/3864\/revisions\/3873"}],"wp:featuredmedia":[{"embeddable":true,"href":"https:\/\/fetrib.com\/web\/wp-json\/wp\/v2\/media\/3865"}],"wp:attachment":[{"href":"https:\/\/fetrib.com\/web\/wp-json\/wp\/v2\/media?parent=3864"}],"wp:term":[{"taxonomy":"category","embeddable":true,"href":"https:\/\/fetrib.com\/web\/wp-json\/wp\/v2\/categories?post=3864"},{"taxonomy":"post_tag","embeddable":true,"href":"https:\/\/fetrib.com\/web\/wp-json\/wp\/v2\/tags?post=3864"}],"curies":[{"name":"wp","href":"https:\/\/api.w.org\/{rel}","templated":true}]}}