{"id":3907,"date":"2022-06-14T11:08:34","date_gmt":"2022-06-14T11:08:34","guid":{"rendered":"http:\/\/fetrib.com\/web\/?p=3907"},"modified":"2022-06-14T11:08:34","modified_gmt":"2022-06-14T11:08:34","slug":"convocatoria-seleccio-autononica-de-triatlo","status":"publish","type":"post","link":"https:\/\/fetrib.com\/web\/2022\/06\/14\/convocatoria-seleccio-autononica-de-triatlo\/","title":{"rendered":"Convocat\u00f2ria Selecci\u00f3 Auton\u00f2nica de Triatl\u00f3"},"content":{"rendered":"<p align=\"justify\"><span lang=\"ca-ES\">El proper <\/span><span lang=\"ca-ES\">25 i 26 <\/span><span lang=\"ca-ES\">de <\/span><span lang=\"ca-ES\">juny<\/span><span lang=\"ca-ES\"> es disputa el Campionat d\u2019Espanya per Autonomies i relleus a la localitat d<\/span><span lang=\"ca-ES\">e Logronyo<\/span><span lang=\"ca-ES\">.<\/span><\/p>\n<p align=\"justify\"><span style=\"color: #333333;\">La Federaci\u00f3 de Triatl\u00f3 de les Illes Balears estar\u00e0 representada amb 6 esportistes masculins i 6 femenines.<\/span><\/p>\n<p align=\"justify\"><span style=\"color: #222222;\">Relaci\u00f3 d\u2019esportistes convocats:<\/span><\/p>\n<p align=\"justify\"><span style=\"color: #222222;\"><span lang=\"ca-ES\">M<\/span><\/span><span style=\"color: #222222;\"><span lang=\"ca-ES\">ascul\u00ed<\/span><\/span><\/p>\n<ol>\n<li>\n<p align=\"justify\"><span style=\"color: #222222;\"><span lang=\"ca-ES\">Joan W\u00e4ger Pons <\/span><\/span> <span style=\"color: #222222;\"><span lang=\"ca-ES\">Saltoki Trikideak<\/span><\/span><\/p>\n<\/li>\n<li>\n<p align=\"justify\"><span style=\"color: #222222;\"><span lang=\"ca-ES\">Antoni Joan Pol <\/span><\/span><span style=\"color: #222222;\"><span lang=\"ca-ES\"> Xtrem Calvi\u00e0 Triatl\u00f3<\/span><\/span><\/p>\n<\/li>\n<li>\n<p align=\"justify\"><span style=\"color: #222222;\"><span lang=\"ca-ES\">G<\/span><\/span><span style=\"color: #222222;\"><span lang=\"ca-ES\">uillem Soler Buades <\/span><\/span><span style=\"color: #222222;\"><span lang=\"ca-ES\">Xtrem Calvi\u00e0 Triatl\u00f3<\/span><\/span><\/p>\n<\/li>\n<li>\n<p align=\"justify\"><span style=\"color: #222222;\"><span lang=\"ca-ES\">Carlos Oliver Vives <\/span><\/span> <span style=\"color: #222222;\"><span lang=\"ca-ES\">Diablillos de Rivas<\/span><\/span><\/p>\n<\/li>\n<li>\n<p align=\"justify\"><span style=\"color: #222222;\"><span lang=\"ca-ES\">Jorge Morcillo S\u00e1nchez<\/span><\/span> <span style=\"color: #222222;\"><span lang=\"ca-ES\">Ecosport Alcobendas<\/span><\/span><\/p>\n<\/li>\n<li>\n<p align=\"justify\"><span style=\"color: #222222;\"><span lang=\"ca-ES\">Javier Cardona Recio AD Ibiza Half Triathlon<\/span><\/span><\/p>\n<\/li>\n<\/ol>\n<p align=\"justify\"><span style=\"color: #222222;\"><span lang=\"ca-ES\">F<\/span><\/span><span style=\"color: #222222;\"><span lang=\"ca-ES\">emen\u00ed:<\/span><\/span><\/p>\n<ol>\n<li>\n<p align=\"justify\"><span style=\"color: #222222;\">Maria Barcel\u00f3 Serra Club Triatl\u00f3n Soriano<\/span><\/p>\n<\/li>\n<li>\n<p align=\"justify\"><span style=\"color: #222222;\">Chloe Serra Jodin Niuwave Bicicletes<\/span><\/p>\n<\/li>\n<li>\n<p align=\"justify\"><span style=\"color: #222222;\">Nora Romero L\u00f3pez Xtrem Calvi\u00e0 Triatl\u00f3<\/span><\/p>\n<\/li>\n<li>\n<p align=\"justify\"><span style=\"color: #222222;\">Ana Soler Guardia Xtrem Calvi\u00e0 Triatl\u00f3<\/span><\/p>\n<\/li>\n<li>\n<p align=\"justify\"><span style=\"color: #222222;\">Andrea Emery Sach Amistat Novomar hotel <\/span><\/p>\n<\/li>\n<li>\n<p align=\"justify\"><span style=\"color: #222222;\"><span lang=\"ca-ES\">A<\/span><\/span><span style=\"color: #222222;\"><span lang=\"ca-ES\">bigail Marquez Alvez <\/span><\/span><span style=\"color: #222222;\"><span lang=\"ca-ES\">Xtrem Calvi\u00e0 Triatl\u00f3<\/span><\/span><\/p>\n<\/li>\n<\/ol>\n<p>&nbsp;<\/p>\n<p>&nbsp;<\/p>\n","protected":false},"excerpt":{"rendered":"<p>El proper 25 i 26 de juny es disputa el Campionat d\u2019Espanya per Autonomies i relleus a la localitat de Logronyo. La Federaci\u00f3 de Triatl\u00f3 de les Illes Balears estar\u00e0 representada amb 6 esportistes masculins i 6 femenines. Relaci\u00f3 d\u2019esportistes convocats: Mascul\u00ed Joan W\u00e4ger Pons Saltoki Trikideak Antoni Joan Pol Xtrem Calvi\u00e0 Triatl\u00f3 Guillem Soler &#8230;<\/p>\n","protected":false},"author":1,"featured_media":3216,"comment_status":"closed","ping_status":"open","sticky":false,"template":"","format":"standard","meta":{"_uag_custom_page_level_css":"","footnotes":""},"categories":[1],"tags":[],"class_list":["post-3907","post","type-post","status-publish","format-standard","has-post-thumbnail","hentry","category-general"],"uagb_featured_image_src":{"full":["https:\/\/fetrib.com\/web\/wp-content\/uploads\/2021\/01\/MASTER-Logo-FETRIB-Dic-2020-e1647376796902.jpg",1016,510,false],"thumbnail":["https:\/\/fetrib.com\/web\/wp-content\/uploads\/2021\/01\/MASTER-Logo-FETRIB-Dic-2020-e1647376796902-150x150.jpg",150,150,true],"medium":["https:\/\/fetrib.com\/web\/wp-content\/uploads\/2021\/01\/MASTER-Logo-FETRIB-Dic-2020-e1647376796902-300x151.jpg",300,151,true],"medium_large":["https:\/\/fetrib.com\/web\/wp-content\/uploads\/2021\/01\/MASTER-Logo-FETRIB-Dic-2020-e1647376796902-768x386.jpg",620,312,true],"large":["https:\/\/fetrib.com\/web\/wp-content\/uploads\/2021\/01\/MASTER-Logo-FETRIB-Dic-2020-1024x353.jpg",620,214,true],"1536x1536":["https:\/\/fetrib.com\/web\/wp-content\/uploads\/2021\/01\/MASTER-Logo-FETRIB-Dic-2020-e1647376796902.jpg",1016,510,false],"2048x2048":["https:\/\/fetrib.com\/web\/wp-content\/uploads\/2021\/01\/MASTER-Logo-FETRIB-Dic-2020-e1647376796902.jpg",1016,510,false],"tie-small":["https:\/\/fetrib.com\/web\/wp-content\/uploads\/2021\/01\/MASTER-Logo-FETRIB-Dic-2020-e1647376796902-70x70.jpg",70,70,true],"tie-large":["https:\/\/fetrib.com\/web\/wp-content\/uploads\/2021\/01\/MASTER-Logo-FETRIB-Dic-2020-e1647376796902-300x160.jpg",300,160,true],"slider":["https:\/\/fetrib.com\/web\/wp-content\/uploads\/2021\/01\/MASTER-Logo-FETRIB-Dic-2020-e1647376796902-620x330.jpg",620,330,true]},"uagb_author_info":{"display_name":"admin","author_link":"https:\/\/fetrib.com\/web\/author\/admin\/"},"uagb_comment_info":0,"uagb_excerpt":"El proper 25 i 26 de juny es disputa el Campionat d\u2019Espanya per Autonomies i relleus a la localitat de Logronyo. La Federaci\u00f3 de Triatl\u00f3 de les Illes Balears estar\u00e0 representada amb 6 esportistes masculins i 6 femenines. Relaci\u00f3 d\u2019esportistes convocats: Mascul\u00ed Joan W\u00e4ger Pons Saltoki Trikideak Antoni Joan Pol Xtrem Calvi\u00e0 Triatl\u00f3 Guillem Soler&hellip;","_links":{"self":[{"href":"https:\/\/fetrib.com\/web\/wp-json\/wp\/v2\/posts\/3907","targetHints":{"allow":["GET"]}}],"collection":[{"href":"https:\/\/fetrib.com\/web\/wp-json\/wp\/v2\/posts"}],"about":[{"href":"https:\/\/fetrib.com\/web\/wp-json\/wp\/v2\/types\/post"}],"author":[{"embeddable":true,"href":"https:\/\/fetrib.com\/web\/wp-json\/wp\/v2\/users\/1"}],"replies":[{"embeddable":true,"href":"https:\/\/fetrib.com\/web\/wp-json\/wp\/v2\/comments?post=3907"}],"version-history":[{"count":1,"href":"https:\/\/fetrib.com\/web\/wp-json\/wp\/v2\/posts\/3907\/revisions"}],"predecessor-version":[{"id":3908,"href":"https:\/\/fetrib.com\/web\/wp-json\/wp\/v2\/posts\/3907\/revisions\/3908"}],"wp:featuredmedia":[{"embeddable":true,"href":"https:\/\/fetrib.com\/web\/wp-json\/wp\/v2\/media\/3216"}],"wp:attachment":[{"href":"https:\/\/fetrib.com\/web\/wp-json\/wp\/v2\/media?parent=3907"}],"wp:term":[{"taxonomy":"category","embeddable":true,"href":"https:\/\/fetrib.com\/web\/wp-json\/wp\/v2\/categories?post=3907"},{"taxonomy":"post_tag","embeddable":true,"href":"https:\/\/fetrib.com\/web\/wp-json\/wp\/v2\/tags?post=3907"}],"curies":[{"name":"wp","href":"https:\/\/api.w.org\/{rel}","templated":true}]}}