{"id":3912,"date":"2022-06-19T11:20:49","date_gmt":"2022-06-19T11:20:49","guid":{"rendered":"http:\/\/fetrib.com\/web\/?p=3912"},"modified":"2022-06-19T11:21:41","modified_gmt":"2022-06-19T11:21:41","slug":"convocatoria-seleccio-balear-pel-campionat-despanya-dautonomies-escolar-logronyo-2022","status":"publish","type":"post","link":"https:\/\/fetrib.com\/web\/2022\/06\/19\/convocatoria-seleccio-balear-pel-campionat-despanya-dautonomies-escolar-logronyo-2022\/","title":{"rendered":"Convocat\u00f2ria Selecci\u00f3 Balear pel Campionat d\u2019Espanya d\u2019Autonomies Escolar Logronyo 2022"},"content":{"rendered":"<p align=\"justify\"><span lang=\"ca-ES\">El proper <\/span><span lang=\"ca-ES\">25 <\/span><span lang=\"ca-ES\">de <\/span><span lang=\"ca-ES\">juny<\/span><span lang=\"ca-ES\"> es disputa el Campionat d\u2019Espanya per Autonomies i relleus <\/span><span lang=\"ca-ES\">inclusi<\/span><span lang=\"ca-ES\">u<\/span><span lang=\"ca-ES\">s <\/span><span lang=\"ca-ES\">a la localitat d<\/span><span lang=\"ca-ES\">e Logronyo<\/span><span lang=\"ca-ES\">.<\/span><\/p>\n<p align=\"justify\">La Federaci\u00f3 de Triatl\u00f3 de les Illes Balears estar\u00e0 representada amb 4 esportistes masculins, 4 femenins i un paratriatleta.<\/p>\n<p align=\"justify\"><span lang=\"ca-ES\">La FETRIB assumir\u00e0 <\/span><span lang=\"ca-ES\">l<\/span><span lang=\"ca-ES\">es despeses de despla\u00e7ament, allotjament i dietes.<\/span><\/p>\n<p align=\"justify\">Relaci\u00f3 d\u2019esportistes convocats:<\/p>\n<p align=\"justify\"><span lang=\"ca-ES\">M<\/span><span lang=\"ca-ES\">ascul\u00ed<\/span><\/p>\n<ol>\n<li>\n<p align=\"justify\"><span lang=\"ca-ES\">Arnau Carrillo Domingo<\/span> <span lang=\"ca-ES\">C.E. Triacademy<\/span><\/p>\n<\/li>\n<li>\n<p align=\"justify\"><span lang=\"ca-ES\">Victor Vizcaino Fern\u00e1ndez<\/span> <span lang=\"ca-ES\">Amistat Novomar Hotel<\/span><\/p>\n<\/li>\n<li>\n<p align=\"justify\"><span lang=\"ca-ES\">Adrian Ribas Rebollar<\/span> <span lang=\"ca-ES\">C.E. Triacademy<\/span><\/p>\n<\/li>\n<li>\n<p align=\"justify\"><span lang=\"ca-ES\">Marc Martin Pavia<\/span> <span lang=\"ca-ES\">E<\/span><span lang=\"ca-ES\">scola Triatl\u00f3 Portocolom<\/span><\/p>\n<\/li>\n<\/ol>\n<p align=\"justify\"><span lang=\"ca-ES\">F<\/span><span lang=\"ca-ES\">emen\u00ed:<\/span><\/p>\n<ol>\n<li>\n<p align=\"justify\"><span lang=\"ca-ES\">Leire Pardal Palenciano <\/span><span lang=\"ca-ES\">C.E. Triacademy<\/span><\/p>\n<\/li>\n<li>\n<p align=\"justify\"><span lang=\"ca-ES\">Lucie Dupr\u00e9 <\/span><span lang=\"ca-ES\">Total Team Mallorca<\/span><\/p>\n<\/li>\n<li>\n<p align=\"justify\"><span lang=\"ca-ES\">Marta Bonet Perez <\/span> <span lang=\"ca-ES\">A.D. Ibiza Half Triathlon<\/span><\/p>\n<\/li>\n<li>\n<p align=\"justify\"><span lang=\"ca-ES\">P\u00e1lma Boda <\/span><span lang=\"ca-ES\">C.E. Triacademy<\/span><\/p>\n<\/li>\n<\/ol>\n<p><span lang=\"ca-ES\">I<\/span>nclusiu:<\/p>\n<ol>\n<li>\n<p align=\"justify\"><span lang=\"ca-ES\">Bartomeu Caldentey <\/span><span lang=\"ca-ES\">E<\/span><span lang=\"ca-ES\">scola Triatl\u00f3 Portocolom<\/span><\/p>\n<\/li>\n<\/ol>\n<p>&nbsp;<\/p>\n<p><a href=\"http:\/\/fetrib.com\/web\/wp-content\/uploads\/2022\/06\/Convocato\u0300ria-seleccio\u0301-Autonomies-Escolar-2022.pdf\">Convocato\u0300ria seleccio\u0301 Autonomies Escolar 2022<\/a><\/p>\n","protected":false},"excerpt":{"rendered":"<p>El proper 25 de juny es disputa el Campionat d\u2019Espanya per Autonomies i relleus inclusius a la localitat de Logronyo. La Federaci\u00f3 de Triatl\u00f3 de les Illes Balears estar\u00e0 representada amb 4 esportistes masculins, 4 femenins i un paratriatleta. La FETRIB assumir\u00e0 les despeses de despla\u00e7ament, allotjament i dietes. Relaci\u00f3 d\u2019esportistes convocats: Mascul\u00ed Arnau Carrillo &#8230;<\/p>\n","protected":false},"author":1,"featured_media":3219,"comment_status":"closed","ping_status":"open","sticky":false,"template":"","format":"standard","meta":{"_uag_custom_page_level_css":"","footnotes":""},"categories":[1],"tags":[],"class_list":["post-3912","post","type-post","status-publish","format-standard","has-post-thumbnail","hentry","category-general"],"uagb_featured_image_src":{"full":["https:\/\/fetrib.com\/web\/wp-content\/uploads\/2021\/01\/MASTER-Logo-FETRIB-Dic-2020-1-e1655205384291.jpg",1388,707,false],"thumbnail":["https:\/\/fetrib.com\/web\/wp-content\/uploads\/2021\/01\/MASTER-Logo-FETRIB-Dic-2020-1-e1655205384291-150x150.jpg",150,150,true],"medium":["https:\/\/fetrib.com\/web\/wp-content\/uploads\/2021\/01\/MASTER-Logo-FETRIB-Dic-2020-1-e1655205384291-300x153.jpg",300,153,true],"medium_large":["https:\/\/fetrib.com\/web\/wp-content\/uploads\/2021\/01\/MASTER-Logo-FETRIB-Dic-2020-1-e1655205384291-768x391.jpg",620,316,true],"large":["https:\/\/fetrib.com\/web\/wp-content\/uploads\/2021\/01\/MASTER-Logo-FETRIB-Dic-2020-1-e1655205384291-1024x522.jpg",620,316,true],"1536x1536":["https:\/\/fetrib.com\/web\/wp-content\/uploads\/2021\/01\/MASTER-Logo-FETRIB-Dic-2020-1-e1655205384291.jpg",1388,707,false],"2048x2048":["https:\/\/fetrib.com\/web\/wp-content\/uploads\/2021\/01\/MASTER-Logo-FETRIB-Dic-2020-1-e1655205384291.jpg",1388,707,false],"tie-small":["https:\/\/fetrib.com\/web\/wp-content\/uploads\/2021\/01\/MASTER-Logo-FETRIB-Dic-2020-1-e1655205384291-70x70.jpg",70,70,true],"tie-large":["https:\/\/fetrib.com\/web\/wp-content\/uploads\/2021\/01\/MASTER-Logo-FETRIB-Dic-2020-1-e1655205384291-300x160.jpg",300,160,true],"slider":["https:\/\/fetrib.com\/web\/wp-content\/uploads\/2021\/01\/MASTER-Logo-FETRIB-Dic-2020-1-e1655205384291-620x330.jpg",620,330,true]},"uagb_author_info":{"display_name":"admin","author_link":"https:\/\/fetrib.com\/web\/author\/admin\/"},"uagb_comment_info":0,"uagb_excerpt":"El proper 25 de juny es disputa el Campionat d\u2019Espanya per Autonomies i relleus inclusius a la localitat de Logronyo. La Federaci\u00f3 de Triatl\u00f3 de les Illes Balears estar\u00e0 representada amb 4 esportistes masculins, 4 femenins i un paratriatleta. La FETRIB assumir\u00e0 les despeses de despla\u00e7ament, allotjament i dietes. Relaci\u00f3 d\u2019esportistes convocats: Mascul\u00ed Arnau Carrillo&hellip;","_links":{"self":[{"href":"https:\/\/fetrib.com\/web\/wp-json\/wp\/v2\/posts\/3912","targetHints":{"allow":["GET"]}}],"collection":[{"href":"https:\/\/fetrib.com\/web\/wp-json\/wp\/v2\/posts"}],"about":[{"href":"https:\/\/fetrib.com\/web\/wp-json\/wp\/v2\/types\/post"}],"author":[{"embeddable":true,"href":"https:\/\/fetrib.com\/web\/wp-json\/wp\/v2\/users\/1"}],"replies":[{"embeddable":true,"href":"https:\/\/fetrib.com\/web\/wp-json\/wp\/v2\/comments?post=3912"}],"version-history":[{"count":1,"href":"https:\/\/fetrib.com\/web\/wp-json\/wp\/v2\/posts\/3912\/revisions"}],"predecessor-version":[{"id":3913,"href":"https:\/\/fetrib.com\/web\/wp-json\/wp\/v2\/posts\/3912\/revisions\/3913"}],"wp:featuredmedia":[{"embeddable":true,"href":"https:\/\/fetrib.com\/web\/wp-json\/wp\/v2\/media\/3219"}],"wp:attachment":[{"href":"https:\/\/fetrib.com\/web\/wp-json\/wp\/v2\/media?parent=3912"}],"wp:term":[{"taxonomy":"category","embeddable":true,"href":"https:\/\/fetrib.com\/web\/wp-json\/wp\/v2\/categories?post=3912"},{"taxonomy":"post_tag","embeddable":true,"href":"https:\/\/fetrib.com\/web\/wp-json\/wp\/v2\/tags?post=3912"}],"curies":[{"name":"wp","href":"https:\/\/api.w.org\/{rel}","templated":true}]}}