{"id":3984,"date":"2022-09-20T10:17:42","date_gmt":"2022-09-20T10:17:42","guid":{"rendered":"http:\/\/fetrib.com\/web\/?p=3984"},"modified":"2022-09-21T12:39:36","modified_gmt":"2022-09-21T12:39:36","slug":"curs-dentrenador-de-triatlo-nivell-i","status":"publish","type":"post","link":"https:\/\/fetrib.com\/web\/2022\/09\/20\/curs-dentrenador-de-triatlo-nivell-i\/","title":{"rendered":"CURS D&#8217;ENTRENADOR DE TRIATL\u00d3 NIVELL I"},"content":{"rendered":"<p>La Federaci\u00f3 Balear de Triatl\u00f3, a trav\u00e9s del seu Departament de Formaci\u00f3,\u00a0 organitza durant l&#8217;any 2022\/23 el curs oficial d&#8217;Entrenador\/a de Triatl\u00f3 Nivell I, regulat d&#8217;acord als requisits generals i els efectes de formacions esportives que marca l\u2019Ordre ECD\/158\/2014, de 5 de febrer, per la qual es regulen els aspectes curriculars, els requisits generals i els efectes de les activitats de formaci\u00f3 esportiva, als quals es refereix la disposici\u00f3 transit\u00f2ria primera del Reial Decret 1363\/2007, de 24 d&#8217;octubre. La formaci\u00f3 d&#8217;Entrenador\/a de Triatl\u00f3 Nivell I est\u00e0 dirigida a aquelles persones que s&#8217;inici\u00efn en l&#8217;ensenyament de la t\u00e8cnica i la t\u00e0ctica d&#8217;aquest esport, aix\u00ed com la de dirigir i programar entrenaments a clubs i escoles, a nivell d&#8217;iniciaci\u00f3 esportiva. La qualitat i experi\u00e8ncia professional dels professors que imparteixen els ensenyaments fan possible un alt grau d&#8217;aprenentatge te\u00f2ric i pr\u00e0ctic.<\/p>\n<p><b>Requisits:\u00a0<\/b><\/p>\n<p>T\u00edtol de \u00a0Graduat en Educaci\u00f3 Secund\u00e0ria (ESO) o titulaci\u00f3 equivalent a efectes acad\u00e8mics<\/p>\n<p>Certificat de la FETRIB o de la FETRI d\u2019haver finalitzat una prova de la modalitat sprint.<\/p>\n<p>M\u00e9s informaci\u00f3 aqu\u00ed:<\/p>\n<p><a href=\"http:\/\/fetrib.com\/web\/wp-content\/uploads\/2022\/09\/Convocatoria-Curso-Entrenador-Triatlo\u0301n-NI-2022-2023.pdf\">Convocatoria Curso Entrenador Triatlo\u0301n NI 2022-2023<\/a><\/p>\n<p><a href=\"http:\/\/fetrib.com\/web\/wp-content\/uploads\/2022\/09\/HORARIO-BE-TI05-22-1.pdf\">HORARIOS<\/a><\/p>\n<p>&nbsp;<\/p>\n","protected":false},"excerpt":{"rendered":"<p>La Federaci\u00f3 Balear de Triatl\u00f3, a trav\u00e9s del seu Departament de Formaci\u00f3,\u00a0 organitza durant l&#8217;any 2022\/23 el curs oficial d&#8217;Entrenador\/a de Triatl\u00f3 Nivell I, regulat d&#8217;acord als requisits generals i els efectes de formacions esportives que marca l\u2019Ordre ECD\/158\/2014, de 5 de febrer, per la qual es regulen els aspectes curriculars, els requisits generals i &#8230;<\/p>\n","protected":false},"author":1,"featured_media":3918,"comment_status":"closed","ping_status":"open","sticky":false,"template":"","format":"standard","meta":{"_uag_custom_page_level_css":"","footnotes":""},"categories":[1],"tags":[],"class_list":["post-3984","post","type-post","status-publish","format-standard","has-post-thumbnail","hentry","category-general"],"uagb_featured_image_src":{"full":["https:\/\/fetrib.com\/web\/wp-content\/uploads\/2022\/07\/Logo-Quadrat-FETRIB-2-e1659420304386.png",200,199,false],"thumbnail":["https:\/\/fetrib.com\/web\/wp-content\/uploads\/2022\/07\/Logo-Quadrat-FETRIB-2-150x150.png",150,150,true],"medium":["https:\/\/fetrib.com\/web\/wp-content\/uploads\/2022\/07\/Logo-Quadrat-FETRIB-2-300x300.png",300,300,true],"medium_large":["https:\/\/fetrib.com\/web\/wp-content\/uploads\/2022\/07\/Logo-Quadrat-FETRIB-2-e1659420304386.png",200,199,false],"large":["https:\/\/fetrib.com\/web\/wp-content\/uploads\/2022\/07\/Logo-Quadrat-FETRIB-2-e1659420304386.png",200,199,false],"1536x1536":["https:\/\/fetrib.com\/web\/wp-content\/uploads\/2022\/07\/Logo-Quadrat-FETRIB-2-e1659420304386.png",200,199,false],"2048x2048":["https:\/\/fetrib.com\/web\/wp-content\/uploads\/2022\/07\/Logo-Quadrat-FETRIB-2-e1659420304386.png",200,199,false],"tie-small":["https:\/\/fetrib.com\/web\/wp-content\/uploads\/2022\/07\/Logo-Quadrat-FETRIB-2-70x70.png",70,70,true],"tie-large":["https:\/\/fetrib.com\/web\/wp-content\/uploads\/2022\/07\/Logo-Quadrat-FETRIB-2-300x160.png",300,160,true],"slider":["https:\/\/fetrib.com\/web\/wp-content\/uploads\/2022\/07\/Logo-Quadrat-FETRIB-2-417x330.png",417,330,true]},"uagb_author_info":{"display_name":"admin","author_link":"https:\/\/fetrib.com\/web\/author\/admin\/"},"uagb_comment_info":0,"uagb_excerpt":"La Federaci\u00f3 Balear de Triatl\u00f3, a trav\u00e9s del seu Departament de Formaci\u00f3,\u00a0 organitza durant l&#8217;any 2022\/23 el curs oficial d&#8217;Entrenador\/a de Triatl\u00f3 Nivell I, regulat d&#8217;acord als requisits generals i els efectes de formacions esportives que marca l\u2019Ordre ECD\/158\/2014, de 5 de febrer, per la qual es regulen els aspectes curriculars, els requisits generals i&hellip;","_links":{"self":[{"href":"https:\/\/fetrib.com\/web\/wp-json\/wp\/v2\/posts\/3984","targetHints":{"allow":["GET"]}}],"collection":[{"href":"https:\/\/fetrib.com\/web\/wp-json\/wp\/v2\/posts"}],"about":[{"href":"https:\/\/fetrib.com\/web\/wp-json\/wp\/v2\/types\/post"}],"author":[{"embeddable":true,"href":"https:\/\/fetrib.com\/web\/wp-json\/wp\/v2\/users\/1"}],"replies":[{"embeddable":true,"href":"https:\/\/fetrib.com\/web\/wp-json\/wp\/v2\/comments?post=3984"}],"version-history":[{"count":3,"href":"https:\/\/fetrib.com\/web\/wp-json\/wp\/v2\/posts\/3984\/revisions"}],"predecessor-version":[{"id":3990,"href":"https:\/\/fetrib.com\/web\/wp-json\/wp\/v2\/posts\/3984\/revisions\/3990"}],"wp:featuredmedia":[{"embeddable":true,"href":"https:\/\/fetrib.com\/web\/wp-json\/wp\/v2\/media\/3918"}],"wp:attachment":[{"href":"https:\/\/fetrib.com\/web\/wp-json\/wp\/v2\/media?parent=3984"}],"wp:term":[{"taxonomy":"category","embeddable":true,"href":"https:\/\/fetrib.com\/web\/wp-json\/wp\/v2\/categories?post=3984"},{"taxonomy":"post_tag","embeddable":true,"href":"https:\/\/fetrib.com\/web\/wp-json\/wp\/v2\/tags?post=3984"}],"curies":[{"name":"wp","href":"https:\/\/api.w.org\/{rel}","templated":true}]}}