{"id":413,"date":"2014-02-04T11:42:30","date_gmt":"2014-02-04T11:42:30","guid":{"rendered":"http:\/\/www.fetrib.com\/web2018\/news\/latest-news\/campionat-de-balears-duatlo-sprint-santa-eularia\/"},"modified":"2014-02-04T11:42:30","modified_gmt":"2014-02-04T11:42:30","slug":"campionat-de-balears-duatlo-sprint-santa-eularia","status":"publish","type":"post","link":"https:\/\/fetrib.com\/web\/2014\/02\/04\/campionat-de-balears-duatlo-sprint-santa-eularia\/","title":{"rendered":"Campionat de Balears Duatl\u00f3 Sprint Santa Eul\u00e0ria"},"content":{"rendered":"<p>L&#8217;organitzaci\u00f3 del Campionat de Balears de duatl\u00f3 Sprint que es disputar\u00e0 el proper 23 de febrer a Santa Eul\u00e0ria a Eivissa posa a disposici\u00f3 dels federats una s\u00e8rie de descomptes:<\/p>\n<p><span style=\"text-decoration: underline;\"><strong>VIATGE<\/strong><\/span>:<\/p>\n<p>Descompte amb l&#8217;empresa BALEARIA. Heu d&#8217;enviar una c\u00f2pia del certificat federatiu i les dates i trajectes que es volen fer a sandra.iborra@balearia.com i vos enviaran la reserva.<\/p>\n<p>  <!--more-->  <\/p>\n<p>\u00a0<\/p>\n<p><strong><span style=\"text-decoration: underline;\">ALLOTJAMENTS:<\/span> <\/strong><\/p>\n<p><strong>*HR SA ROTA <\/strong><\/p>\n<p>C\/San Vicente, 59 &#8211; 07840 Santa Eul\u00e0ria des Riu<\/p>\n<p>Telf: 97133 00 22<\/p>\n<p>www.ibiza-hotels.com\/sarota Reservas: sarota@terra.com<\/p>\n<p>Hab 1 persona &#8211; 30\u20ac<\/p>\n<p>Hab 2 personas -23\u20ac por persona<\/p>\n<p>Hab 3 personas &#8211; 20\u20ac por persona<\/p>\n<p>Hab 4 personas &#8211; 17\u20ac por persona Posibilidad desayuno incluido (Especificar Duatl\u00f3 Sprint Santa Eul\u00e0ria &#8211; Campionat de Balears)<\/p>\n<p><strong>*APARTAMENTOS DUQUESA PLAYA<\/strong><\/p>\n<p>C\/San Lorenzo, 18 &#8211; 07840 Santa Eul\u00e0ria des Riu<\/p>\n<p>Telf: 971 319 337<\/p>\n<p>http:\/\/www.duquesaplaya.com<\/p>\n<p>Reservas: reservas@duquesaplaya.com<\/p>\n<p>Apartamento tipo A: 1 habitaci\u00f3n 2 personas, 1 ba\u00f1o, sal\u00f3n con 1 sof\u00e1 cama &#8211; 50\u20ac\/noche ocupaci\u00f3n m\u00e1xima 3 adultos &#8211; suplemento 3\u00aa persona 12\u20ac Apartamento tipo B: 1 habitaci\u00f3n 2 personas, 1 ba\u00f1o, sal\u00f3n con 2 sof\u00e1s cama &#8211; 55\u20ac\/noche (m\u00e1s grande que el anterior) ocupaci\u00f3n m\u00e1xima 3 adultos &#8211; suplemento 3\u00aa persona 15\u20ac<\/p>\n<p>Apartamento tipo C: 2 habitaciones, 2 ba\u00f1os, sal\u00f3n con 2 sof\u00e1s cama , 4 personas &#8211; 90\u20ac\/noche ocupaci\u00f3n m\u00e1xima 5 adultos &#8211; suplemento 5\u00aa persona 12\u20ac<\/p>\n<p>Desayuno: 9\u20ac\/persona<\/p>\n<p>Media pensi\u00f3n: 20\u20ac\/persona<\/p>\n<p>Pensi\u00f3n completa: 31\u20ac\/persona (Especificar Duatl\u00f3 Sprint Santa Eul\u00e0ria &#8211; Campionat de Balears)<\/p>\n","protected":false},"excerpt":{"rendered":"<p>L&#8217;organitzaci\u00f3 del Campionat de Balears de duatl\u00f3 Sprint que es disputar\u00e0 el proper 23 de febrer a Santa Eul\u00e0ria a Eivissa posa a disposici\u00f3 dels federats una s\u00e8rie de descomptes: VIATGE: Descompte amb l&#8217;empresa BALEARIA. Heu d&#8217;enviar una c\u00f2pia del certificat federatiu i les dates i trajectes que es volen fer a sandra.iborra@balearia.com i vos &#8230;<\/p>\n","protected":false},"author":1,"featured_media":0,"comment_status":"open","ping_status":"open","sticky":false,"template":"","format":"standard","meta":{"_uag_custom_page_level_css":"","footnotes":""},"categories":[37],"tags":[],"class_list":["post-413","post","type-post","status-publish","format-standard","hentry","category-latest-news"],"uagb_featured_image_src":{"full":false,"thumbnail":false,"medium":false,"medium_large":false,"large":false,"1536x1536":false,"2048x2048":false,"tie-small":false,"tie-large":false,"slider":false},"uagb_author_info":{"display_name":"admin","author_link":"https:\/\/fetrib.com\/web\/author\/admin\/"},"uagb_comment_info":0,"uagb_excerpt":"L&#8217;organitzaci\u00f3 del Campionat de Balears de duatl\u00f3 Sprint que es disputar\u00e0 el proper 23 de febrer a Santa Eul\u00e0ria a Eivissa posa a disposici\u00f3 dels federats una s\u00e8rie de descomptes: VIATGE: Descompte amb l&#8217;empresa BALEARIA. Heu d&#8217;enviar una c\u00f2pia del certificat federatiu i les dates i trajectes que es volen fer a sandra.iborra@balearia.com i vos&hellip;","_links":{"self":[{"href":"https:\/\/fetrib.com\/web\/wp-json\/wp\/v2\/posts\/413","targetHints":{"allow":["GET"]}}],"collection":[{"href":"https:\/\/fetrib.com\/web\/wp-json\/wp\/v2\/posts"}],"about":[{"href":"https:\/\/fetrib.com\/web\/wp-json\/wp\/v2\/types\/post"}],"author":[{"embeddable":true,"href":"https:\/\/fetrib.com\/web\/wp-json\/wp\/v2\/users\/1"}],"replies":[{"embeddable":true,"href":"https:\/\/fetrib.com\/web\/wp-json\/wp\/v2\/comments?post=413"}],"version-history":[{"count":0,"href":"https:\/\/fetrib.com\/web\/wp-json\/wp\/v2\/posts\/413\/revisions"}],"wp:attachment":[{"href":"https:\/\/fetrib.com\/web\/wp-json\/wp\/v2\/media?parent=413"}],"wp:term":[{"taxonomy":"category","embeddable":true,"href":"https:\/\/fetrib.com\/web\/wp-json\/wp\/v2\/categories?post=413"},{"taxonomy":"post_tag","embeddable":true,"href":"https:\/\/fetrib.com\/web\/wp-json\/wp\/v2\/tags?post=413"}],"curies":[{"name":"wp","href":"https:\/\/api.w.org\/{rel}","templated":true}]}}