{"id":417,"date":"2014-02-07T08:53:12","date_gmt":"2014-02-07T08:53:12","guid":{"rendered":"http:\/\/www.fetrib.com\/web2018\/uncategorised\/presentacio-irontrimallorca-2014\/"},"modified":"2014-02-07T08:53:12","modified_gmt":"2014-02-07T08:53:12","slug":"presentacio-irontrimallorca-2014","status":"publish","type":"post","link":"https:\/\/fetrib.com\/web\/2014\/02\/07\/presentacio-irontrimallorca-2014\/","title":{"rendered":"Presentaci\u00f3 IRONTRIMALLORCA 2014"},"content":{"rendered":"<p><img decoding=\"async\" class=\" size-full wp-image-416\" src=\"http:\/\/fetrib.com\/web\/wp-content\/uploads\/2014\/02\/IMG-20140206-WA0001.jpg\" border=\"0\" alt=\"\" width=\"75%\" style=\"display: block; margin-left: auto; margin-right: auto;\" srcset=\"https:\/\/fetrib.com\/web\/wp-content\/uploads\/2014\/02\/IMG-20140206-WA0001.jpg 800w, https:\/\/fetrib.com\/web\/wp-content\/uploads\/2014\/02\/IMG-20140206-WA0001-300x225.jpg 300w, https:\/\/fetrib.com\/web\/wp-content\/uploads\/2014\/02\/IMG-20140206-WA0001-768x576.jpg 768w\" sizes=\"(max-width: 800px) 100vw, 800px\" \/><\/p>\n<p>Ahir va tenir lloc la presentaci\u00f3 del IrontriMallorca 2014 que t\u00e9 prevista la seva celebraci\u00f3 el proper 1 de juny.<\/p>\n<p>  <!--more-->  <\/p>\n<p>La novetat m\u00e9s destacable \u00e9s la inclusi\u00f3 de la dist\u00e0ncia Half 113, que a m\u00e9s ser\u00e0 Campionat Balear de Mitja Dist\u00e0ncia.<\/p>\n<p>Autoritats, membres de les forces i cossos de seguretat i patrocinadors donaren suport al IrontriMallorca 2014 en la seva posada de llarg a Cala Millor.<\/p>\n","protected":false},"excerpt":{"rendered":"<p>Ahir va tenir lloc la presentaci\u00f3 del IrontriMallorca 2014 que t\u00e9 prevista la seva celebraci\u00f3 el proper 1 de juny.<\/p>\n","protected":false},"author":1,"featured_media":416,"comment_status":"open","ping_status":"open","sticky":false,"template":"","format":"standard","meta":{"_uag_custom_page_level_css":"","footnotes":""},"categories":[46],"tags":[],"class_list":["post-417","post","type-post","status-publish","format-standard","has-post-thumbnail","hentry","category-triatlo"],"uagb_featured_image_src":{"full":["https:\/\/fetrib.com\/web\/wp-content\/uploads\/2014\/02\/IMG-20140206-WA0001.jpg",800,600,false],"thumbnail":["https:\/\/fetrib.com\/web\/wp-content\/uploads\/2014\/02\/IMG-20140206-WA0001-150x150.jpg",150,150,true],"medium":["https:\/\/fetrib.com\/web\/wp-content\/uploads\/2014\/02\/IMG-20140206-WA0001-300x225.jpg",300,225,true],"medium_large":["https:\/\/fetrib.com\/web\/wp-content\/uploads\/2014\/02\/IMG-20140206-WA0001-768x576.jpg",620,465,true],"large":["https:\/\/fetrib.com\/web\/wp-content\/uploads\/2014\/02\/IMG-20140206-WA0001.jpg",620,465,false],"1536x1536":["https:\/\/fetrib.com\/web\/wp-content\/uploads\/2014\/02\/IMG-20140206-WA0001.jpg",800,600,false],"2048x2048":["https:\/\/fetrib.com\/web\/wp-content\/uploads\/2014\/02\/IMG-20140206-WA0001.jpg",800,600,false],"tie-small":["https:\/\/fetrib.com\/web\/wp-content\/uploads\/2014\/02\/IMG-20140206-WA0001-70x70.jpg",70,70,true],"tie-large":["https:\/\/fetrib.com\/web\/wp-content\/uploads\/2014\/02\/IMG-20140206-WA0001-300x160.jpg",300,160,true],"slider":["https:\/\/fetrib.com\/web\/wp-content\/uploads\/2014\/02\/IMG-20140206-WA0001-620x330.jpg",620,330,true]},"uagb_author_info":{"display_name":"admin","author_link":"https:\/\/fetrib.com\/web\/author\/admin\/"},"uagb_comment_info":0,"uagb_excerpt":"Ahir va tenir lloc la presentaci\u00f3 del IrontriMallorca 2014 que t\u00e9 prevista la seva celebraci\u00f3 el proper 1 de juny.","_links":{"self":[{"href":"https:\/\/fetrib.com\/web\/wp-json\/wp\/v2\/posts\/417","targetHints":{"allow":["GET"]}}],"collection":[{"href":"https:\/\/fetrib.com\/web\/wp-json\/wp\/v2\/posts"}],"about":[{"href":"https:\/\/fetrib.com\/web\/wp-json\/wp\/v2\/types\/post"}],"author":[{"embeddable":true,"href":"https:\/\/fetrib.com\/web\/wp-json\/wp\/v2\/users\/1"}],"replies":[{"embeddable":true,"href":"https:\/\/fetrib.com\/web\/wp-json\/wp\/v2\/comments?post=417"}],"version-history":[{"count":0,"href":"https:\/\/fetrib.com\/web\/wp-json\/wp\/v2\/posts\/417\/revisions"}],"wp:featuredmedia":[{"embeddable":true,"href":"https:\/\/fetrib.com\/web\/wp-json\/wp\/v2\/media\/416"}],"wp:attachment":[{"href":"https:\/\/fetrib.com\/web\/wp-json\/wp\/v2\/media?parent=417"}],"wp:term":[{"taxonomy":"category","embeddable":true,"href":"https:\/\/fetrib.com\/web\/wp-json\/wp\/v2\/categories?post=417"},{"taxonomy":"post_tag","embeddable":true,"href":"https:\/\/fetrib.com\/web\/wp-json\/wp\/v2\/tags?post=417"}],"curies":[{"name":"wp","href":"https:\/\/api.w.org\/{rel}","templated":true}]}}