{"id":424,"date":"2014-02-13T17:48:57","date_gmt":"2014-02-13T17:48:57","guid":{"rendered":"http:\/\/www.fetrib.com\/web2018\/news\/latest-news\/lloguer-de-la-bici-duatlo-santa-eularia\/"},"modified":"2014-02-13T17:48:57","modified_gmt":"2014-02-13T17:48:57","slug":"lloguer-de-la-bici-duatlo-santa-eularia","status":"publish","type":"post","link":"https:\/\/fetrib.com\/web\/2014\/02\/13\/lloguer-de-la-bici-duatlo-santa-eularia\/","title":{"rendered":"Lloguer de la bici Duatl\u00f3 Santa Eul\u00e0ria"},"content":{"rendered":"<p><img decoding=\"async\" src=\"images\/eventlist\/events\/Cartell santa eularia.jpg\" border=\"0\" alt=\"\" width=\"50%\" style=\"display: block; margin-left: auto; margin-right: auto;\" \/><\/p>\n<div>La tienda de bicicletas KANDANI , en Santa Eul\u00e0ria, dispone en alquiler de la bicicleta de carretera Orbea Orca B105 de los a\u00f1os 2012-2013. Pod\u00e9is usar esta informaci\u00f3n para los corredores que vienen de fuera. El modelo est\u00e1 en el siguiente enlace:<\/p>\n<p><a href=\"http:\/\/www.kandani.es\/blog\/orbea-orca-b105-en-kandani\/\" target=\"_blank\">http:\/\/www.kandani.es\/blog\/orbea-orca-b105-en-kandani\/<\/a><\/p>\n<\/div>\n<div>El precio de alquiler es de 35 \u20ac\/d\u00eda. Para los corredores que vienen de fuera y no quieren o no pueden traer su bicicleta, ofrecemos un 20% de descuento.<\/p>\n<\/div>\n<div><strong>Por lo que el alquiler para correr el campeonato se les queda en 28 euros.<\/strong><\/p>\n<\/div>\n<p>Para consultar disponibilidad y tallas s\u00f3lo tienen que enviar un correo a <a href=\"mailto:info@kandani.es\">info@kandani.es<\/a><\/p>\n","protected":false},"excerpt":{"rendered":"<p>La tienda de bicicletas KANDANI , en Santa Eul\u00e0ria, dispone en alquiler de la bicicleta de carretera Orbea Orca B105 de los a\u00f1os 2012-2013. Pod\u00e9is usar esta informaci\u00f3n para los corredores que vienen de fuera. El modelo est\u00e1 en el siguiente enlace: http:\/\/www.kandani.es\/blog\/orbea-orca-b105-en-kandani\/ El precio de alquiler es de 35 \u20ac\/d\u00eda. Para los corredores que &#8230;<\/p>\n","protected":false},"author":1,"featured_media":0,"comment_status":"open","ping_status":"open","sticky":false,"template":"","format":"standard","meta":{"_uag_custom_page_level_css":"","footnotes":""},"categories":[37],"tags":[],"class_list":["post-424","post","type-post","status-publish","format-standard","hentry","category-latest-news"],"uagb_featured_image_src":{"full":false,"thumbnail":false,"medium":false,"medium_large":false,"large":false,"1536x1536":false,"2048x2048":false,"tie-small":false,"tie-large":false,"slider":false},"uagb_author_info":{"display_name":"admin","author_link":"https:\/\/fetrib.com\/web\/author\/admin\/"},"uagb_comment_info":0,"uagb_excerpt":"La tienda de bicicletas KANDANI , en Santa Eul\u00e0ria, dispone en alquiler de la bicicleta de carretera Orbea Orca B105 de los a\u00f1os 2012-2013. Pod\u00e9is usar esta informaci\u00f3n para los corredores que vienen de fuera. El modelo est\u00e1 en el siguiente enlace: http:\/\/www.kandani.es\/blog\/orbea-orca-b105-en-kandani\/ El precio de alquiler es de 35 \u20ac\/d\u00eda. Para los corredores que&hellip;","_links":{"self":[{"href":"https:\/\/fetrib.com\/web\/wp-json\/wp\/v2\/posts\/424","targetHints":{"allow":["GET"]}}],"collection":[{"href":"https:\/\/fetrib.com\/web\/wp-json\/wp\/v2\/posts"}],"about":[{"href":"https:\/\/fetrib.com\/web\/wp-json\/wp\/v2\/types\/post"}],"author":[{"embeddable":true,"href":"https:\/\/fetrib.com\/web\/wp-json\/wp\/v2\/users\/1"}],"replies":[{"embeddable":true,"href":"https:\/\/fetrib.com\/web\/wp-json\/wp\/v2\/comments?post=424"}],"version-history":[{"count":0,"href":"https:\/\/fetrib.com\/web\/wp-json\/wp\/v2\/posts\/424\/revisions"}],"wp:attachment":[{"href":"https:\/\/fetrib.com\/web\/wp-json\/wp\/v2\/media?parent=424"}],"wp:term":[{"taxonomy":"category","embeddable":true,"href":"https:\/\/fetrib.com\/web\/wp-json\/wp\/v2\/categories?post=424"},{"taxonomy":"post_tag","embeddable":true,"href":"https:\/\/fetrib.com\/web\/wp-json\/wp\/v2\/tags?post=424"}],"curies":[{"name":"wp","href":"https:\/\/api.w.org\/{rel}","templated":true}]}}