{"id":425,"date":"2014-02-21T20:50:47","date_gmt":"2014-02-21T20:50:47","guid":{"rendered":"http:\/\/www.fetrib.com\/web2018\/news\/latest-news\/convocatoria-tecnificacio-fetri\/"},"modified":"2014-02-21T20:50:47","modified_gmt":"2014-02-21T20:50:47","slug":"convocatoria-tecnificacio-fetri","status":"publish","type":"post","link":"https:\/\/fetrib.com\/web\/2014\/02\/21\/convocatoria-tecnificacio-fetri\/","title":{"rendered":"Convocat\u00f2ria tecnificaci\u00f3 FETRI"},"content":{"rendered":"<p><span class=\"userContent\"><img decoding=\"async\" src=\"images\/eventlist\/convocats2.jpg\" border=\"0\" alt=\"\" style=\"display: block; margin-left: auto; margin-right: auto;\" \/><\/span><\/p>\n<p><span class=\"userContent\">Rodrigo Chaves del Xtrem Calvia i <\/span><span class=\"userContent\"><span class=\"userContent\">Manuel Garc\u00eda del Duet-Tri&amp;Bikes participaran a <\/span>la concentraci\u00f3 de tecnificaci\u00f3 que es dur\u00e0 a terme el proper cap de setmana en el CAR de Madrid, organitzada per la FETRI.<\/span><\/p>\n<p><span class=\"userContent\">Aquestes concentracions pretenen avaluar les capacitats t\u00e8cniques dels esportistes i establir recomenacions a l&#8217;hora de planificar els entrenaments.<br \/><\/span><\/p>\n<p><span class=\"userContent\">Els esportistes estaran convocats des de divendres 28 de febrer fins el diumenge 2 de mar\u00e7.<br \/><\/span><\/p>\n","protected":false},"excerpt":{"rendered":"<p>Rodrigo Chaves del Xtrem Calvia i Manuel Garc\u00eda del Duet-Tri&amp;Bikes participaran a la concentraci\u00f3 de tecnificaci\u00f3 que es dur\u00e0 a terme el proper cap de setmana en el CAR de Madrid, organitzada per la FETRI. Aquestes concentracions pretenen avaluar les capacitats t\u00e8cniques dels esportistes i establir recomenacions a l&#8217;hora de planificar els entrenaments. Els esportistes &#8230;<\/p>\n","protected":false},"author":1,"featured_media":0,"comment_status":"open","ping_status":"open","sticky":false,"template":"","format":"standard","meta":{"_uag_custom_page_level_css":"","footnotes":""},"categories":[37],"tags":[],"class_list":["post-425","post","type-post","status-publish","format-standard","hentry","category-latest-news"],"uagb_featured_image_src":{"full":false,"thumbnail":false,"medium":false,"medium_large":false,"large":false,"1536x1536":false,"2048x2048":false,"tie-small":false,"tie-large":false,"slider":false},"uagb_author_info":{"display_name":"admin","author_link":"https:\/\/fetrib.com\/web\/author\/admin\/"},"uagb_comment_info":0,"uagb_excerpt":"Rodrigo Chaves del Xtrem Calvia i Manuel Garc\u00eda del Duet-Tri&amp;Bikes participaran a la concentraci\u00f3 de tecnificaci\u00f3 que es dur\u00e0 a terme el proper cap de setmana en el CAR de Madrid, organitzada per la FETRI. Aquestes concentracions pretenen avaluar les capacitats t\u00e8cniques dels esportistes i establir recomenacions a l&#8217;hora de planificar els entrenaments. Els esportistes&hellip;","_links":{"self":[{"href":"https:\/\/fetrib.com\/web\/wp-json\/wp\/v2\/posts\/425","targetHints":{"allow":["GET"]}}],"collection":[{"href":"https:\/\/fetrib.com\/web\/wp-json\/wp\/v2\/posts"}],"about":[{"href":"https:\/\/fetrib.com\/web\/wp-json\/wp\/v2\/types\/post"}],"author":[{"embeddable":true,"href":"https:\/\/fetrib.com\/web\/wp-json\/wp\/v2\/users\/1"}],"replies":[{"embeddable":true,"href":"https:\/\/fetrib.com\/web\/wp-json\/wp\/v2\/comments?post=425"}],"version-history":[{"count":0,"href":"https:\/\/fetrib.com\/web\/wp-json\/wp\/v2\/posts\/425\/revisions"}],"wp:attachment":[{"href":"https:\/\/fetrib.com\/web\/wp-json\/wp\/v2\/media?parent=425"}],"wp:term":[{"taxonomy":"category","embeddable":true,"href":"https:\/\/fetrib.com\/web\/wp-json\/wp\/v2\/categories?post=425"},{"taxonomy":"post_tag","embeddable":true,"href":"https:\/\/fetrib.com\/web\/wp-json\/wp\/v2\/tags?post=425"}],"curies":[{"name":"wp","href":"https:\/\/api.w.org\/{rel}","templated":true}]}}