{"id":428,"date":"2014-02-25T22:53:38","date_gmt":"2014-02-25T22:53:38","guid":{"rendered":"http:\/\/www.fetrib.com\/web2018\/comite-tecnico\/procediment-assignacio-de-places-categoria-elit-als-campionats-d-espanya\/"},"modified":"2014-02-25T22:53:38","modified_gmt":"2014-02-25T22:53:38","slug":"procediment-assignacio-de-places-categoria-elit-als-campionats-d-espanya","status":"publish","type":"post","link":"https:\/\/fetrib.com\/web\/2014\/02\/25\/procediment-assignacio-de-places-categoria-elit-als-campionats-d-espanya\/","title":{"rendered":"Procediment d&#8217;assignaci\u00f3 de places categoria elit als Campionats d\u2019Espanya"},"content":{"rendered":"<p>Per tal de normalitzar l\u2019entrega de places per a la participaci\u00f3 als diversos Campionats d\u2019Espanya en categoria ELIT, s\u2019estableix la normativa a tal efecte.<\/p>\n<ul>\n<li>El primer termini de sol\u00b7licitud de pla\u00e7a finalitza 2 mesos naturals abans de la data de la prova.<\/li>\n<li>Per a sol\u00b7licitar la pla\u00e7a cal enviar un email a dtecnica@fetrib.com.<\/li>\n<li>A partir d\u2019aquesta data, en una setmana la FETRIB resoldr\u00e0 l\u2019assignaci\u00f3 de places.<\/li>\n<li>En cas d&#8217;haver-hi places no cobertes es podran sol\u00b7licitar fins a la finalitzaci\u00f3 del termini d\u2019inscripci\u00f3 a la prova en q\u00fcesti\u00f3.<\/li>\n<li>La FETRIB valorar\u00e0 si l\u2019esportista presenta el nivell m\u00ednim per a participar al campionat com a \u00e8lit.<\/li>\n<\/ul>\n<p><strong>Nota:<\/strong> Aquesta normativa \u00e9s exclusiva per a la participaci\u00f3 en categoria \u00e8lit, els esportistes que participin en grups d\u2019edat s\u2019han d\u2019inscriure directament.<\/p>\n","protected":false},"excerpt":{"rendered":"<p>Per tal de normalitzar l\u2019entrega de places per a la participaci\u00f3 als diversos Campionats d\u2019Espanya en categoria ELIT, s\u2019estableix la normativa a tal efecte. El primer termini de sol\u00b7licitud de pla\u00e7a finalitza 2 mesos naturals abans de la data de la prova. Per a sol\u00b7licitar la pla\u00e7a cal enviar un email a dtecnica@fetrib.com. A partir &#8230;<\/p>\n","protected":false},"author":1,"featured_media":0,"comment_status":"open","ping_status":"open","sticky":false,"template":"","format":"standard","meta":{"_uag_custom_page_level_css":"","footnotes":""},"categories":[27],"tags":[],"class_list":["post-428","post","type-post","status-publish","format-standard","hentry","category-comite-tecnico"],"uagb_featured_image_src":{"full":false,"thumbnail":false,"medium":false,"medium_large":false,"large":false,"1536x1536":false,"2048x2048":false,"tie-small":false,"tie-large":false,"slider":false},"uagb_author_info":{"display_name":"admin","author_link":"https:\/\/fetrib.com\/web\/author\/admin\/"},"uagb_comment_info":0,"uagb_excerpt":"Per tal de normalitzar l\u2019entrega de places per a la participaci\u00f3 als diversos Campionats d\u2019Espanya en categoria ELIT, s\u2019estableix la normativa a tal efecte. El primer termini de sol\u00b7licitud de pla\u00e7a finalitza 2 mesos naturals abans de la data de la prova. Per a sol\u00b7licitar la pla\u00e7a cal enviar un email a dtecnica@fetrib.com. A partir&hellip;","_links":{"self":[{"href":"https:\/\/fetrib.com\/web\/wp-json\/wp\/v2\/posts\/428","targetHints":{"allow":["GET"]}}],"collection":[{"href":"https:\/\/fetrib.com\/web\/wp-json\/wp\/v2\/posts"}],"about":[{"href":"https:\/\/fetrib.com\/web\/wp-json\/wp\/v2\/types\/post"}],"author":[{"embeddable":true,"href":"https:\/\/fetrib.com\/web\/wp-json\/wp\/v2\/users\/1"}],"replies":[{"embeddable":true,"href":"https:\/\/fetrib.com\/web\/wp-json\/wp\/v2\/comments?post=428"}],"version-history":[{"count":0,"href":"https:\/\/fetrib.com\/web\/wp-json\/wp\/v2\/posts\/428\/revisions"}],"wp:attachment":[{"href":"https:\/\/fetrib.com\/web\/wp-json\/wp\/v2\/media?parent=428"}],"wp:term":[{"taxonomy":"category","embeddable":true,"href":"https:\/\/fetrib.com\/web\/wp-json\/wp\/v2\/categories?post=428"},{"taxonomy":"post_tag","embeddable":true,"href":"https:\/\/fetrib.com\/web\/wp-json\/wp\/v2\/tags?post=428"}],"curies":[{"name":"wp","href":"https:\/\/api.w.org\/{rel}","templated":true}]}}