{"id":429,"date":"2014-02-27T17:59:08","date_gmt":"2014-02-27T17:59:08","guid":{"rendered":"http:\/\/www.fetrib.com\/web2018\/escolar-base\/tramitacio-de-llicencies-escolars\/"},"modified":"2014-02-27T17:59:08","modified_gmt":"2014-02-27T17:59:08","slug":"tramitacio-de-llicencies-escolars","status":"publish","type":"post","link":"https:\/\/fetrib.com\/web\/2014\/02\/27\/tramitacio-de-llicencies-escolars\/","title":{"rendered":"Tramitaci\u00f3 de llic\u00e8ncies escolars"},"content":{"rendered":"<p>Les llic\u00e8ncies escolars 2016 serviran per a totes les proves indicades en el calendari oficial que hi ha en aquesta web.<\/p>\n<p>Les llic\u00e8ncies s&#8217;han de tramitar de la mateixa manera que la resta de llic\u00e8ncies, a trav\u00e9s de l&#8217;aplicaci\u00f3 de llic\u00e8ncies de la Federaci\u00f3.<\/p>\n","protected":false},"excerpt":{"rendered":"<p>Les llic\u00e8ncies escolars 2016 serviran per a totes les proves indicades en el calendari oficial que hi ha en aquesta web. Les llic\u00e8ncies s&#8217;han de tramitar de la mateixa manera que la resta de llic\u00e8ncies, a trav\u00e9s de l&#8217;aplicaci\u00f3 de llic\u00e8ncies de la Federaci\u00f3.<\/p>\n","protected":false},"author":1,"featured_media":0,"comment_status":"open","ping_status":"open","sticky":false,"template":"","format":"standard","meta":{"_uag_custom_page_level_css":"","footnotes":""},"categories":[29],"tags":[],"class_list":["post-429","post","type-post","status-publish","format-standard","hentry","category-escolar-base"],"uagb_featured_image_src":{"full":false,"thumbnail":false,"medium":false,"medium_large":false,"large":false,"1536x1536":false,"2048x2048":false,"tie-small":false,"tie-large":false,"slider":false},"uagb_author_info":{"display_name":"admin","author_link":"https:\/\/fetrib.com\/web\/author\/admin\/"},"uagb_comment_info":0,"uagb_excerpt":"Les llic\u00e8ncies escolars 2016 serviran per a totes les proves indicades en el calendari oficial que hi ha en aquesta web. Les llic\u00e8ncies s&#8217;han de tramitar de la mateixa manera que la resta de llic\u00e8ncies, a trav\u00e9s de l&#8217;aplicaci\u00f3 de llic\u00e8ncies de la Federaci\u00f3.","_links":{"self":[{"href":"https:\/\/fetrib.com\/web\/wp-json\/wp\/v2\/posts\/429","targetHints":{"allow":["GET"]}}],"collection":[{"href":"https:\/\/fetrib.com\/web\/wp-json\/wp\/v2\/posts"}],"about":[{"href":"https:\/\/fetrib.com\/web\/wp-json\/wp\/v2\/types\/post"}],"author":[{"embeddable":true,"href":"https:\/\/fetrib.com\/web\/wp-json\/wp\/v2\/users\/1"}],"replies":[{"embeddable":true,"href":"https:\/\/fetrib.com\/web\/wp-json\/wp\/v2\/comments?post=429"}],"version-history":[{"count":0,"href":"https:\/\/fetrib.com\/web\/wp-json\/wp\/v2\/posts\/429\/revisions"}],"wp:attachment":[{"href":"https:\/\/fetrib.com\/web\/wp-json\/wp\/v2\/media?parent=429"}],"wp:term":[{"taxonomy":"category","embeddable":true,"href":"https:\/\/fetrib.com\/web\/wp-json\/wp\/v2\/categories?post=429"},{"taxonomy":"post_tag","embeddable":true,"href":"https:\/\/fetrib.com\/web\/wp-json\/wp\/v2\/tags?post=429"}],"curies":[{"name":"wp","href":"https:\/\/api.w.org\/{rel}","templated":true}]}}