{"id":433,"date":"2014-03-05T22:39:48","date_gmt":"2014-03-05T22:39:48","guid":{"rendered":"http:\/\/www.fetrib.com\/web2018\/news\/latest-news\/curs-de-classificador-nacional-de-paratriatlo\/"},"modified":"2014-03-05T22:39:48","modified_gmt":"2014-03-05T22:39:48","slug":"curs-de-classificador-nacional-de-paratriatlo","status":"publish","type":"post","link":"https:\/\/fetrib.com\/web\/2014\/03\/05\/curs-de-classificador-nacional-de-paratriatlo\/","title":{"rendered":"Curs de classificador nacional de paratriatl\u00f3"},"content":{"rendered":"<p>La Federaci\u00f3 Espanyola de Triatl\u00f3 a trav\u00e9s del Comit\u00e9 de Paratriatl\u00f3, convoca un curs de formaci\u00f3 de Classificadors Nacionals de Paratriatl\u00f3 que se celebrar\u00e0 del 3 al 5 d&#8217;abril de 2014 a Avil\u00e9s (Ast\u00faries), dins del marc del Campionat d&#8217;Espanya de duatl\u00f3 que all\u00e0 es dur\u00e0 a terme.<\/p>\n<p>Aquest curs es troba dins del programa de formaci\u00f3 ITU a trav\u00e9s del programa certificat de formaci\u00f3 de classificadors, essent la titulaci\u00f3 obtinguda, reconeguda per la ITU.<\/p>\n<p>El comit\u00e9 de Paratriatl\u00f3 de la FETRI est\u00e0 treballant per implementar un nivell inferior auton\u00f2mic de classificadors de Paratriatl\u00f3.<\/p>\n<p>La categoria de classificador a nivell nacional habilita per poder realitzar classificacions a paratriatletes a nivell auton\u00f2mic i nacional.<\/p>\n<p>L&#8217;objectiu fonamental del curs formatiu \u00e9s adquirir els coneixements necessaris per dur a terme les classificacions a nivell auton\u00f2mic i nacional de paratriatletes segons el nou sistema de classificaci\u00f3 implementat per la ITU, el que permetr\u00e0 determinar si s\u00f3n elegibles i la seva categoria.<\/p>\n<p>\u00a0<\/p>\n<p>Si est\u00e0s interessat en aquest curs, posa&#8217;t en contacte amb la federaci\u00f3 a trav\u00e9s del correu info@fetrib.com<\/p>\n","protected":false},"excerpt":{"rendered":"<p>La Federaci\u00f3 Espanyola de Triatl\u00f3 a trav\u00e9s del Comit\u00e9 de Paratriatl\u00f3, convoca un curs de formaci\u00f3 de Classificadors Nacionals de Paratriatl\u00f3 que se celebrar\u00e0 del 3 al 5 d&#8217;abril de 2014 a Avil\u00e9s (Ast\u00faries), dins del marc del Campionat d&#8217;Espanya de duatl\u00f3 que all\u00e0 es dur\u00e0 a terme. Aquest curs es troba dins del programa &#8230;<\/p>\n","protected":false},"author":1,"featured_media":0,"comment_status":"open","ping_status":"open","sticky":false,"template":"","format":"standard","meta":{"_uag_custom_page_level_css":"","footnotes":""},"categories":[37],"tags":[],"class_list":["post-433","post","type-post","status-publish","format-standard","hentry","category-latest-news"],"uagb_featured_image_src":{"full":false,"thumbnail":false,"medium":false,"medium_large":false,"large":false,"1536x1536":false,"2048x2048":false,"tie-small":false,"tie-large":false,"slider":false},"uagb_author_info":{"display_name":"admin","author_link":"https:\/\/fetrib.com\/web\/author\/admin\/"},"uagb_comment_info":0,"uagb_excerpt":"La Federaci\u00f3 Espanyola de Triatl\u00f3 a trav\u00e9s del Comit\u00e9 de Paratriatl\u00f3, convoca un curs de formaci\u00f3 de Classificadors Nacionals de Paratriatl\u00f3 que se celebrar\u00e0 del 3 al 5 d&#8217;abril de 2014 a Avil\u00e9s (Ast\u00faries), dins del marc del Campionat d&#8217;Espanya de duatl\u00f3 que all\u00e0 es dur\u00e0 a terme. Aquest curs es troba dins del programa&hellip;","_links":{"self":[{"href":"https:\/\/fetrib.com\/web\/wp-json\/wp\/v2\/posts\/433","targetHints":{"allow":["GET"]}}],"collection":[{"href":"https:\/\/fetrib.com\/web\/wp-json\/wp\/v2\/posts"}],"about":[{"href":"https:\/\/fetrib.com\/web\/wp-json\/wp\/v2\/types\/post"}],"author":[{"embeddable":true,"href":"https:\/\/fetrib.com\/web\/wp-json\/wp\/v2\/users\/1"}],"replies":[{"embeddable":true,"href":"https:\/\/fetrib.com\/web\/wp-json\/wp\/v2\/comments?post=433"}],"version-history":[{"count":0,"href":"https:\/\/fetrib.com\/web\/wp-json\/wp\/v2\/posts\/433\/revisions"}],"wp:attachment":[{"href":"https:\/\/fetrib.com\/web\/wp-json\/wp\/v2\/media?parent=433"}],"wp:term":[{"taxonomy":"category","embeddable":true,"href":"https:\/\/fetrib.com\/web\/wp-json\/wp\/v2\/categories?post=433"},{"taxonomy":"post_tag","embeddable":true,"href":"https:\/\/fetrib.com\/web\/wp-json\/wp\/v2\/tags?post=433"}],"curies":[{"name":"wp","href":"https:\/\/api.w.org\/{rel}","templated":true}]}}