{"id":4362,"date":"2023-02-04T18:44:51","date_gmt":"2023-02-04T18:44:51","guid":{"rendered":"http:\/\/fetrib.com\/web\/?p=4362"},"modified":"2023-02-04T18:48:09","modified_gmt":"2023-02-04T18:48:09","slug":"serra-i-pena-manso-simposen-al-duatlo-de-puigpunyent","status":"publish","type":"post","link":"https:\/\/fetrib.com\/web\/2023\/02\/04\/serra-i-pena-manso-simposen-al-duatlo-de-puigpunyent\/","title":{"rendered":"Serra i Pena-Manso s&#8217;imposen al Duatl\u00f3 de Puigpunyent"},"content":{"rendered":"\n<p>Ambd\u00f3s han fet valer el seu estat de forma en un dur circuit de carrera pels carrers del poble.<\/p>\n\n\n\n<p>El duatl\u00f3 de Puigpunyent ha encetat la II Lliga Trideporte de Duatl\u00f3. <\/p>\n\n\n\n<p>I\u00f1aki Pena-Manso i Chloe Serra han estat els guanyadors de la primera prova de la segona edici\u00f3 de la lliga Trideporte.<\/p>\n\n\n\n<p>Un dia que clarejava fred al pobla de la serra de tramuntana per\u00f2 que r\u00e0pidament han perdut els atletes amb el dur recorregut que l&#8217;organitzaci\u00f3 havia preparat.<\/p>\n\n\n\n<p>En categoria masculina nom\u00e9s Miguel \u00c1ngel Fidalgo aguantava el ritme del triatleta madrileny establert a les Illes. Els perseguien un grup de duatletes que entraven a 20 segons a la primera transici\u00f3.<\/p>\n\n\n\n<p>En el segment ciclista el guanyador ha abandonat a Fidalgo i ha fet prop de 15km en solitari, per arribar a la segona transici\u00f3 amb m\u00e9s de 40 segons d&#8217;avantatge sobre un grup de 10 corredors.<\/p>\n\n\n\n<p>Finalment el podi l&#8217;han completat Miguel Angel Fidalgo i Jordi Perell\u00f3.<\/p>\n\n\n\n<p>En categoria femenina, Chloe Serra ha fet valer la seva superioritat realitzant tot el duatl\u00f3 en solitari. Per darrera Emma Boda mantenia la dist\u00e0ncia per acabar segona, amb Eva Bezlaj completant el podi.<\/p>\n\n\n\n<p>Per clubs el CD Vas conseguia imposar-se al Triacademy i al RDS en categoria masculina i el Trtiacademy guanyava en categoria femenina per davant del Campusport.<\/p>\n\n\n\n<figure class=\"wp-block-image size-large\"><img loading=\"lazy\" decoding=\"async\" width=\"1024\" height=\"768\" src=\"http:\/\/fetrib.com\/web\/wp-content\/uploads\/2023\/02\/WhatsApp-Image-2023-02-04-at-13.05.24-1024x768.jpeg\" alt=\"\" class=\"wp-image-4365\" srcset=\"https:\/\/fetrib.com\/web\/wp-content\/uploads\/2023\/02\/WhatsApp-Image-2023-02-04-at-13.05.24-1024x768.jpeg 1024w, https:\/\/fetrib.com\/web\/wp-content\/uploads\/2023\/02\/WhatsApp-Image-2023-02-04-at-13.05.24-300x225.jpeg 300w, https:\/\/fetrib.com\/web\/wp-content\/uploads\/2023\/02\/WhatsApp-Image-2023-02-04-at-13.05.24-768x576.jpeg 768w, https:\/\/fetrib.com\/web\/wp-content\/uploads\/2023\/02\/WhatsApp-Image-2023-02-04-at-13.05.24-1536x1152.jpeg 1536w, https:\/\/fetrib.com\/web\/wp-content\/uploads\/2023\/02\/WhatsApp-Image-2023-02-04-at-13.05.24.jpeg 2048w\" sizes=\"auto, (max-width: 1024px) 100vw, 1024px\" \/><\/figure>\n","protected":false},"excerpt":{"rendered":"<p>Ambd\u00f3s han fet valer el seu estat de forma en un dur circuit de carrera pels carrers del poble. El duatl\u00f3 de Puigpunyent ha encetat la II Lliga Trideporte de Duatl\u00f3. I\u00f1aki Pena-Manso i Chloe Serra han estat els guanyadors de la primera prova de la segona edici\u00f3 de la lliga Trideporte. Un dia que &#8230;<\/p>\n","protected":false},"author":1,"featured_media":4364,"comment_status":"closed","ping_status":"open","sticky":false,"template":"","format":"standard","meta":{"_uag_custom_page_level_css":"","footnotes":""},"categories":[1],"tags":[],"class_list":["post-4362","post","type-post","status-publish","format-standard","has-post-thumbnail","hentry","category-general"],"uagb_featured_image_src":{"full":["https:\/\/fetrib.com\/web\/wp-content\/uploads\/2023\/02\/WhatsApp-Image-2023-02-04-at-13.00.10.jpeg",1920,1080,false],"thumbnail":["https:\/\/fetrib.com\/web\/wp-content\/uploads\/2023\/02\/WhatsApp-Image-2023-02-04-at-13.00.10-150x150.jpeg",150,150,true],"medium":["https:\/\/fetrib.com\/web\/wp-content\/uploads\/2023\/02\/WhatsApp-Image-2023-02-04-at-13.00.10-300x169.jpeg",300,169,true],"medium_large":["https:\/\/fetrib.com\/web\/wp-content\/uploads\/2023\/02\/WhatsApp-Image-2023-02-04-at-13.00.10-768x432.jpeg",620,349,true],"large":["https:\/\/fetrib.com\/web\/wp-content\/uploads\/2023\/02\/WhatsApp-Image-2023-02-04-at-13.00.10-1024x576.jpeg",620,349,true],"1536x1536":["https:\/\/fetrib.com\/web\/wp-content\/uploads\/2023\/02\/WhatsApp-Image-2023-02-04-at-13.00.10-1536x864.jpeg",1536,864,true],"2048x2048":["https:\/\/fetrib.com\/web\/wp-content\/uploads\/2023\/02\/WhatsApp-Image-2023-02-04-at-13.00.10.jpeg",1920,1080,false],"tie-small":["https:\/\/fetrib.com\/web\/wp-content\/uploads\/2023\/02\/WhatsApp-Image-2023-02-04-at-13.00.10-70x70.jpeg",70,70,true],"tie-large":["https:\/\/fetrib.com\/web\/wp-content\/uploads\/2023\/02\/WhatsApp-Image-2023-02-04-at-13.00.10-300x160.jpeg",300,160,true],"slider":["https:\/\/fetrib.com\/web\/wp-content\/uploads\/2023\/02\/WhatsApp-Image-2023-02-04-at-13.00.10-620x330.jpeg",620,330,true]},"uagb_author_info":{"display_name":"admin","author_link":"https:\/\/fetrib.com\/web\/author\/admin\/"},"uagb_comment_info":0,"uagb_excerpt":"Ambd\u00f3s han fet valer el seu estat de forma en un dur circuit de carrera pels carrers del poble. El duatl\u00f3 de Puigpunyent ha encetat la II Lliga Trideporte de Duatl\u00f3. I\u00f1aki Pena-Manso i Chloe Serra han estat els guanyadors de la primera prova de la segona edici\u00f3 de la lliga Trideporte. Un dia que&hellip;","_links":{"self":[{"href":"https:\/\/fetrib.com\/web\/wp-json\/wp\/v2\/posts\/4362","targetHints":{"allow":["GET"]}}],"collection":[{"href":"https:\/\/fetrib.com\/web\/wp-json\/wp\/v2\/posts"}],"about":[{"href":"https:\/\/fetrib.com\/web\/wp-json\/wp\/v2\/types\/post"}],"author":[{"embeddable":true,"href":"https:\/\/fetrib.com\/web\/wp-json\/wp\/v2\/users\/1"}],"replies":[{"embeddable":true,"href":"https:\/\/fetrib.com\/web\/wp-json\/wp\/v2\/comments?post=4362"}],"version-history":[{"count":2,"href":"https:\/\/fetrib.com\/web\/wp-json\/wp\/v2\/posts\/4362\/revisions"}],"predecessor-version":[{"id":4366,"href":"https:\/\/fetrib.com\/web\/wp-json\/wp\/v2\/posts\/4362\/revisions\/4366"}],"wp:featuredmedia":[{"embeddable":true,"href":"https:\/\/fetrib.com\/web\/wp-json\/wp\/v2\/media\/4364"}],"wp:attachment":[{"href":"https:\/\/fetrib.com\/web\/wp-json\/wp\/v2\/media?parent=4362"}],"wp:term":[{"taxonomy":"category","embeddable":true,"href":"https:\/\/fetrib.com\/web\/wp-json\/wp\/v2\/categories?post=4362"},{"taxonomy":"post_tag","embeddable":true,"href":"https:\/\/fetrib.com\/web\/wp-json\/wp\/v2\/tags?post=4362"}],"curies":[{"name":"wp","href":"https:\/\/api.w.org\/{rel}","templated":true}]}}