{"id":4368,"date":"2023-02-09T18:02:30","date_gmt":"2023-02-09T18:02:30","guid":{"rendered":"http:\/\/fetrib.com\/web\/?p=4368"},"modified":"2023-02-09T18:04:08","modified_gmt":"2023-02-09T18:04:08","slug":"cancel%c2%b7lacio-campionat-de-balears-cre-duatlo-parc-bit","status":"publish","type":"post","link":"https:\/\/fetrib.com\/web\/2023\/02\/09\/cancel%c2%b7lacio-campionat-de-balears-cre-duatlo-parc-bit\/","title":{"rendered":"<strong>CANCEL\u00b7LACI\u00d3 CAMPIONAT DE BALEARS CRE \u2013 DUATL\u00d3 PARC BIT<\/strong>"},"content":{"rendered":"\n<p>Lamentam haver de comunicar la cancel\u00b7laci\u00f3 del Campionat de Balears CRE \u2013 Duatl\u00f3 del Parc Bit, previst per aquest diumenge 12 de febrer de 2023, degut a un informe desfavorable per part de la Direcci\u00f3 General de Tr\u00e0nsit de les Illes Balears a poder utilitzar el carrer Maria Agnesi, carrer d\u2019entrada al Parc Bit.<\/p>\n\n\n\n<p>Des de la Federaci\u00f3 hem intentat cercar alternatives que permetin realitzar la prova, canviant recorreguts, per\u00f2 finalment no ha estat possible obtenir un informe favorable.<\/p>\n\n\n\n<p>Ens dol molt haver de comunicar aquesta decisi\u00f3, per les caracter\u00edstiques de la prova, un format que la feia \u00fanica en el calendari de les Illes Balears.<\/p>\n\n\n\n<p>La prova escolar que estava prevista realitzar a continuaci\u00f3 del Campionat de Balears, tamb\u00e9 queda cancel\u00b7lada.<\/p>\n\n\n\n<p>En breu es tornar\u00e0 el preu de les inscripcions a tots els inscrits.<\/p>\n\n\n\n<p><a href=\"http:\/\/fetrib.com\/web\/wp-content\/uploads\/2023\/02\/230209-Cancelacio-Parc-Bit.pdf\">Comunicat oficial<\/a><\/p>\n","protected":false},"excerpt":{"rendered":"<p>Lamentam haver de comunicar la cancel\u00b7laci\u00f3 del Campionat de Balears CRE \u2013 Duatl\u00f3 del Parc Bit, previst per aquest diumenge 12 de febrer de 2023, degut a un informe desfavorable per part de la Direcci\u00f3 General de Tr\u00e0nsit de les Illes Balears a poder utilitzar el carrer Maria Agnesi, carrer d\u2019entrada al Parc Bit. Des &#8230;<\/p>\n","protected":false},"author":1,"featured_media":4369,"comment_status":"closed","ping_status":"open","sticky":false,"template":"","format":"standard","meta":{"_uag_custom_page_level_css":"","footnotes":""},"categories":[1],"tags":[],"class_list":["post-4368","post","type-post","status-publish","format-standard","has-post-thumbnail","hentry","category-general"],"uagb_featured_image_src":{"full":["https:\/\/fetrib.com\/web\/wp-content\/uploads\/2023\/02\/Cartell-Du-Parc-Bit.jpg",1000,1413,false],"thumbnail":["https:\/\/fetrib.com\/web\/wp-content\/uploads\/2023\/02\/Cartell-Du-Parc-Bit-150x150.jpg",150,150,true],"medium":["https:\/\/fetrib.com\/web\/wp-content\/uploads\/2023\/02\/Cartell-Du-Parc-Bit-212x300.jpg",212,300,true],"medium_large":["https:\/\/fetrib.com\/web\/wp-content\/uploads\/2023\/02\/Cartell-Du-Parc-Bit-768x1085.jpg",620,876,true],"large":["https:\/\/fetrib.com\/web\/wp-content\/uploads\/2023\/02\/Cartell-Du-Parc-Bit-725x1024.jpg",620,876,true],"1536x1536":["https:\/\/fetrib.com\/web\/wp-content\/uploads\/2023\/02\/Cartell-Du-Parc-Bit.jpg",1000,1413,false],"2048x2048":["https:\/\/fetrib.com\/web\/wp-content\/uploads\/2023\/02\/Cartell-Du-Parc-Bit.jpg",1000,1413,false],"tie-small":["https:\/\/fetrib.com\/web\/wp-content\/uploads\/2023\/02\/Cartell-Du-Parc-Bit-70x70.jpg",70,70,true],"tie-large":["https:\/\/fetrib.com\/web\/wp-content\/uploads\/2023\/02\/Cartell-Du-Parc-Bit-300x160.jpg",300,160,true],"slider":["https:\/\/fetrib.com\/web\/wp-content\/uploads\/2023\/02\/Cartell-Du-Parc-Bit-620x330.jpg",620,330,true]},"uagb_author_info":{"display_name":"admin","author_link":"https:\/\/fetrib.com\/web\/author\/admin\/"},"uagb_comment_info":0,"uagb_excerpt":"Lamentam haver de comunicar la cancel\u00b7laci\u00f3 del Campionat de Balears CRE \u2013 Duatl\u00f3 del Parc Bit, previst per aquest diumenge 12 de febrer de 2023, degut a un informe desfavorable per part de la Direcci\u00f3 General de Tr\u00e0nsit de les Illes Balears a poder utilitzar el carrer Maria Agnesi, carrer d\u2019entrada al Parc Bit. Des&hellip;","_links":{"self":[{"href":"https:\/\/fetrib.com\/web\/wp-json\/wp\/v2\/posts\/4368","targetHints":{"allow":["GET"]}}],"collection":[{"href":"https:\/\/fetrib.com\/web\/wp-json\/wp\/v2\/posts"}],"about":[{"href":"https:\/\/fetrib.com\/web\/wp-json\/wp\/v2\/types\/post"}],"author":[{"embeddable":true,"href":"https:\/\/fetrib.com\/web\/wp-json\/wp\/v2\/users\/1"}],"replies":[{"embeddable":true,"href":"https:\/\/fetrib.com\/web\/wp-json\/wp\/v2\/comments?post=4368"}],"version-history":[{"count":2,"href":"https:\/\/fetrib.com\/web\/wp-json\/wp\/v2\/posts\/4368\/revisions"}],"predecessor-version":[{"id":4372,"href":"https:\/\/fetrib.com\/web\/wp-json\/wp\/v2\/posts\/4368\/revisions\/4372"}],"wp:featuredmedia":[{"embeddable":true,"href":"https:\/\/fetrib.com\/web\/wp-json\/wp\/v2\/media\/4369"}],"wp:attachment":[{"href":"https:\/\/fetrib.com\/web\/wp-json\/wp\/v2\/media?parent=4368"}],"wp:term":[{"taxonomy":"category","embeddable":true,"href":"https:\/\/fetrib.com\/web\/wp-json\/wp\/v2\/categories?post=4368"},{"taxonomy":"post_tag","embeddable":true,"href":"https:\/\/fetrib.com\/web\/wp-json\/wp\/v2\/tags?post=4368"}],"curies":[{"name":"wp","href":"https:\/\/api.w.org\/{rel}","templated":true}]}}