{"id":4381,"date":"2023-02-20T07:41:23","date_gmt":"2023-02-20T07:41:23","guid":{"rendered":"http:\/\/fetrib.com\/web\/?p=4381"},"modified":"2023-02-20T07:41:25","modified_gmt":"2023-02-20T07:41:25","slug":"inaki-pena-manso-confirma-su-buen-estado-de-forma-venciendo-el-duatlon-de-llucmajor-segunda-prueba-puntuable-para-la-liga-trideporte-de-duatlon","status":"publish","type":"post","link":"https:\/\/fetrib.com\/web\/2023\/02\/20\/inaki-pena-manso-confirma-su-buen-estado-de-forma-venciendo-el-duatlon-de-llucmajor-segunda-prueba-puntuable-para-la-liga-trideporte-de-duatlon\/","title":{"rendered":"I\u00f1aki Pena-Manso confirma su buen estado de forma venciendo el duatl\u00f3n de Llucmajor, segunda prueba puntuable para la Liga Trideporte de Duatl\u00f3n"},"content":{"rendered":"\n<p>La prueba se disput\u00f3 en formato supersprint sobre unas distancias de 2km de carrera, 6k de ciclismo, para terminar con 1 km de carrera.<\/p>\n\n\n\n<p>A las 9:30 de la ma\u00f1ana se daba la salida a la primera semifinal, donde desde un principio se formaba un grupo de 5 corredores liederados por el propio I\u00f1aki, Biel Forteza y Jorge Morcillo, que mantendr\u00edan la distancia y se clasificarian para la final.<\/p>\n\n\n\n<p>Durante la segunda semifinal se mantuvo un grupo comoacto hasta el sector ciclista y todo se decidi\u00f3 en el ultimo km de carrera, entrando en meta Hugo Luna, Amador Font e Ivan Torres en las primeras posiciones.<\/p>\n\n\n\n<p>La final masculina la disputaron los 5 primeros clasificados de cada semifinal mas los 5 mejores tiempos, para formar 15 deportistas. Desde el principio se form\u00f3 un grupo de 5 deportistas que llegaron juntos a la primera transici\u00f3n. Durante el sector ciclista los ataques entre los corredores provocaron diferencias entre ellos, llegando a la segunda transici\u00f3n un grupo de 3 que finalmente ocuparon el podio. I\u00f1aki venc\u00eda la prueba, seguido de Sebasti\u00e0 Mascar\u00f3 y Guillem Soler.<\/p>\n\n\n\n<p>En chicas, gran exhibici\u00f3n de Nora Romero, qe hizo toda la carrera en solitario, solo seguida a cierta distancia de Emma Boda y Anja Bezlaj que la acompa\u00f1aron en el podio.<\/p>\n\n\n\n<p>En Clubs, el Triacademy se impuso tanto en categoria masculina como femenina. El segundo puesto lo ocuparon el RDS triatl\u00f3 i el Campusport, y la tercera posici\u00f3n masculina fue para los chicos del Campusport.<\/p>\n\n\n\n<p>El proximo domingo se disputar\u00e1 la tercera prueba puntuable en el duatl\u00f3n de sineu.<\/p>\n\n\n\n<figure class=\"wp-block-image size-large\"><img loading=\"lazy\" decoding=\"async\" width=\"771\" height=\"1024\" src=\"http:\/\/fetrib.com\/web\/wp-content\/uploads\/2023\/02\/clubs-771x1024.jpg\" alt=\"\" class=\"wp-image-4383\" srcset=\"https:\/\/fetrib.com\/web\/wp-content\/uploads\/2023\/02\/clubs-771x1024.jpg 771w, https:\/\/fetrib.com\/web\/wp-content\/uploads\/2023\/02\/clubs-226x300.jpg 226w, https:\/\/fetrib.com\/web\/wp-content\/uploads\/2023\/02\/clubs-768x1020.jpg 768w, https:\/\/fetrib.com\/web\/wp-content\/uploads\/2023\/02\/clubs-1157x1536.jpg 1157w, https:\/\/fetrib.com\/web\/wp-content\/uploads\/2023\/02\/clubs.jpg 1536w\" sizes=\"auto, (max-width: 771px) 100vw, 771px\" \/><\/figure>\n","protected":false},"excerpt":{"rendered":"<p>La prueba se disput\u00f3 en formato supersprint sobre unas distancias de 2km de carrera, 6k de ciclismo, para terminar con 1 km de carrera. A las 9:30 de la ma\u00f1ana se daba la salida a la primera semifinal, donde desde un principio se formaba un grupo de 5 corredores liederados por el propio I\u00f1aki, Biel &#8230;<\/p>\n","protected":false},"author":1,"featured_media":4384,"comment_status":"closed","ping_status":"open","sticky":false,"template":"","format":"standard","meta":{"_uag_custom_page_level_css":"","footnotes":""},"categories":[1],"tags":[],"class_list":["post-4381","post","type-post","status-publish","format-standard","has-post-thumbnail","hentry","category-general"],"uagb_featured_image_src":{"full":["https:\/\/fetrib.com\/web\/wp-content\/uploads\/2023\/02\/Podi-general-Llucmajor.jpg",1536,2040,false],"thumbnail":["https:\/\/fetrib.com\/web\/wp-content\/uploads\/2023\/02\/Podi-general-Llucmajor-150x150.jpg",150,150,true],"medium":["https:\/\/fetrib.com\/web\/wp-content\/uploads\/2023\/02\/Podi-general-Llucmajor-226x300.jpg",226,300,true],"medium_large":["https:\/\/fetrib.com\/web\/wp-content\/uploads\/2023\/02\/Podi-general-Llucmajor-768x1020.jpg",620,823,true],"large":["https:\/\/fetrib.com\/web\/wp-content\/uploads\/2023\/02\/Podi-general-Llucmajor-771x1024.jpg",620,823,true],"1536x1536":["https:\/\/fetrib.com\/web\/wp-content\/uploads\/2023\/02\/Podi-general-Llucmajor-1157x1536.jpg",1157,1536,true],"2048x2048":["https:\/\/fetrib.com\/web\/wp-content\/uploads\/2023\/02\/Podi-general-Llucmajor.jpg",1536,2040,false],"tie-small":["https:\/\/fetrib.com\/web\/wp-content\/uploads\/2023\/02\/Podi-general-Llucmajor-70x70.jpg",70,70,true],"tie-large":["https:\/\/fetrib.com\/web\/wp-content\/uploads\/2023\/02\/Podi-general-Llucmajor-300x160.jpg",300,160,true],"slider":["https:\/\/fetrib.com\/web\/wp-content\/uploads\/2023\/02\/Podi-general-Llucmajor-620x330.jpg",620,330,true]},"uagb_author_info":{"display_name":"admin","author_link":"https:\/\/fetrib.com\/web\/author\/admin\/"},"uagb_comment_info":0,"uagb_excerpt":"La prueba se disput\u00f3 en formato supersprint sobre unas distancias de 2km de carrera, 6k de ciclismo, para terminar con 1 km de carrera. A las 9:30 de la ma\u00f1ana se daba la salida a la primera semifinal, donde desde un principio se formaba un grupo de 5 corredores liederados por el propio I\u00f1aki, Biel&hellip;","_links":{"self":[{"href":"https:\/\/fetrib.com\/web\/wp-json\/wp\/v2\/posts\/4381","targetHints":{"allow":["GET"]}}],"collection":[{"href":"https:\/\/fetrib.com\/web\/wp-json\/wp\/v2\/posts"}],"about":[{"href":"https:\/\/fetrib.com\/web\/wp-json\/wp\/v2\/types\/post"}],"author":[{"embeddable":true,"href":"https:\/\/fetrib.com\/web\/wp-json\/wp\/v2\/users\/1"}],"replies":[{"embeddable":true,"href":"https:\/\/fetrib.com\/web\/wp-json\/wp\/v2\/comments?post=4381"}],"version-history":[{"count":1,"href":"https:\/\/fetrib.com\/web\/wp-json\/wp\/v2\/posts\/4381\/revisions"}],"predecessor-version":[{"id":4385,"href":"https:\/\/fetrib.com\/web\/wp-json\/wp\/v2\/posts\/4381\/revisions\/4385"}],"wp:featuredmedia":[{"embeddable":true,"href":"https:\/\/fetrib.com\/web\/wp-json\/wp\/v2\/media\/4384"}],"wp:attachment":[{"href":"https:\/\/fetrib.com\/web\/wp-json\/wp\/v2\/media?parent=4381"}],"wp:term":[{"taxonomy":"category","embeddable":true,"href":"https:\/\/fetrib.com\/web\/wp-json\/wp\/v2\/categories?post=4381"},{"taxonomy":"post_tag","embeddable":true,"href":"https:\/\/fetrib.com\/web\/wp-json\/wp\/v2\/tags?post=4381"}],"curies":[{"name":"wp","href":"https:\/\/api.w.org\/{rel}","templated":true}]}}