{"id":4389,"date":"2023-02-26T17:37:09","date_gmt":"2023-02-26T17:37:09","guid":{"rendered":"http:\/\/fetrib.com\/web\/?p=4389"},"modified":"2023-02-26T17:44:38","modified_gmt":"2023-02-26T17:44:38","slug":"joan-ferrer-repeteix-victoria-a-sineu","status":"publish","type":"post","link":"https:\/\/fetrib.com\/web\/2023\/02\/26\/joan-ferrer-repeteix-victoria-a-sineu\/","title":{"rendered":"Joan Ferrer repeteix vict\u00f2ria a Sineu."},"content":{"rendered":"\n<p><em>Sineu ha acollit la tercera prova puntuable per a la II Lliga de Duatl\u00f3 Trideporte<\/em><\/p>\n\n\n\n<p>Joan Ferrer s\u2019ha imposat amb claredat en el duatl\u00f3 de Sineu. Tal i com va fer la temporada passada, el seu gran segment de carrera li ha perm\u00e8s imposar-se amb claredat als seus rivals. En segon lloc ha entrat Miquel \u00c0ngel Salom, i ha tancat el podi I\u00f1aki Pena-Manso, que tot i patir problemes f\u00edsics el darrer kil\u00f2metre ha aconseguit la tercera posici\u00f3.<\/p>\n\n\n\n<p>En dones Chlo\u00e8 Serra confirma el seu gran estat de forma, realitzant la carrera en solitari. Per darrera nom\u00e9s Nora Romero podia aguantar el seu ritme a certa dist\u00e0ncia. El podi l\u2019ha completat Emma Boda.<\/p>\n\n\n\n<p>En clubs, el Triacademy i el Campusport han estat els guanyadors.<\/p>\n\n\n\n<p>La propera cita ser\u00e0 a Andratx el proper 12 de mar\u00e7, on es disputar\u00e0 el Campionat de les Illes Balears, quarta prova de la Lliga de duatl\u00f3 Trideporte i que a m\u00e9s donar\u00e0 places pel campionat d\u2019Espanya de duatl\u00f3 i pel campionat d\u2019Espanya d\u2019autonomies.<\/p>\n","protected":false},"excerpt":{"rendered":"<p>Sineu ha acollit la tercera prova puntuable per a la II Lliga de Duatl\u00f3 Trideporte Joan Ferrer s\u2019ha imposat amb claredat en el duatl\u00f3 de Sineu. Tal i com va fer la temporada passada, el seu gran segment de carrera li ha perm\u00e8s imposar-se amb claredat als seus rivals. En segon lloc ha entrat Miquel &#8230;<\/p>\n","protected":false},"author":1,"featured_media":4390,"comment_status":"closed","ping_status":"open","sticky":false,"template":"","format":"standard","meta":{"_uag_custom_page_level_css":"","footnotes":""},"categories":[1],"tags":[],"class_list":["post-4389","post","type-post","status-publish","format-standard","has-post-thumbnail","hentry","category-general"],"uagb_featured_image_src":{"full":["https:\/\/fetrib.com\/web\/wp-content\/uploads\/2023\/02\/Podi-Sineu.jpeg",2000,1125,false],"thumbnail":["https:\/\/fetrib.com\/web\/wp-content\/uploads\/2023\/02\/Podi-Sineu-150x150.jpeg",150,150,true],"medium":["https:\/\/fetrib.com\/web\/wp-content\/uploads\/2023\/02\/Podi-Sineu-300x169.jpeg",300,169,true],"medium_large":["https:\/\/fetrib.com\/web\/wp-content\/uploads\/2023\/02\/Podi-Sineu-768x432.jpeg",620,349,true],"large":["https:\/\/fetrib.com\/web\/wp-content\/uploads\/2023\/02\/Podi-Sineu-1024x576.jpeg",620,349,true],"1536x1536":["https:\/\/fetrib.com\/web\/wp-content\/uploads\/2023\/02\/Podi-Sineu-1536x864.jpeg",1536,864,true],"2048x2048":["https:\/\/fetrib.com\/web\/wp-content\/uploads\/2023\/02\/Podi-Sineu.jpeg",2000,1125,false],"tie-small":["https:\/\/fetrib.com\/web\/wp-content\/uploads\/2023\/02\/Podi-Sineu-70x70.jpeg",70,70,true],"tie-large":["https:\/\/fetrib.com\/web\/wp-content\/uploads\/2023\/02\/Podi-Sineu-300x160.jpeg",300,160,true],"slider":["https:\/\/fetrib.com\/web\/wp-content\/uploads\/2023\/02\/Podi-Sineu-620x330.jpeg",620,330,true]},"uagb_author_info":{"display_name":"admin","author_link":"https:\/\/fetrib.com\/web\/author\/admin\/"},"uagb_comment_info":0,"uagb_excerpt":"Sineu ha acollit la tercera prova puntuable per a la II Lliga de Duatl\u00f3 Trideporte Joan Ferrer s\u2019ha imposat amb claredat en el duatl\u00f3 de Sineu. Tal i com va fer la temporada passada, el seu gran segment de carrera li ha perm\u00e8s imposar-se amb claredat als seus rivals. En segon lloc ha entrat Miquel&hellip;","_links":{"self":[{"href":"https:\/\/fetrib.com\/web\/wp-json\/wp\/v2\/posts\/4389","targetHints":{"allow":["GET"]}}],"collection":[{"href":"https:\/\/fetrib.com\/web\/wp-json\/wp\/v2\/posts"}],"about":[{"href":"https:\/\/fetrib.com\/web\/wp-json\/wp\/v2\/types\/post"}],"author":[{"embeddable":true,"href":"https:\/\/fetrib.com\/web\/wp-json\/wp\/v2\/users\/1"}],"replies":[{"embeddable":true,"href":"https:\/\/fetrib.com\/web\/wp-json\/wp\/v2\/comments?post=4389"}],"version-history":[{"count":3,"href":"https:\/\/fetrib.com\/web\/wp-json\/wp\/v2\/posts\/4389\/revisions"}],"predecessor-version":[{"id":4393,"href":"https:\/\/fetrib.com\/web\/wp-json\/wp\/v2\/posts\/4389\/revisions\/4393"}],"wp:featuredmedia":[{"embeddable":true,"href":"https:\/\/fetrib.com\/web\/wp-json\/wp\/v2\/media\/4390"}],"wp:attachment":[{"href":"https:\/\/fetrib.com\/web\/wp-json\/wp\/v2\/media?parent=4389"}],"wp:term":[{"taxonomy":"category","embeddable":true,"href":"https:\/\/fetrib.com\/web\/wp-json\/wp\/v2\/categories?post=4389"},{"taxonomy":"post_tag","embeddable":true,"href":"https:\/\/fetrib.com\/web\/wp-json\/wp\/v2\/tags?post=4389"}],"curies":[{"name":"wp","href":"https:\/\/api.w.org\/{rel}","templated":true}]}}