{"id":4395,"date":"2023-02-28T06:40:47","date_gmt":"2023-02-28T06:40:47","guid":{"rendered":"http:\/\/fetrib.com\/web\/?p=4395"},"modified":"2024-11-15T09:49:42","modified_gmt":"2024-11-15T09:49:42","slug":"convocatoria-subvencions-a-clubs-2023","status":"publish","type":"post","link":"https:\/\/fetrib.com\/web\/2023\/02\/28\/convocatoria-subvencions-a-clubs-2023\/","title":{"rendered":"CONVOCAT\u00d2RIA SUBVENCIONS A CLUBS 2023"},"content":{"rendered":"\n<p>Amb la finalitat d&#8217;incentivar la participaci\u00f3 dels clubs en els campionats auton\u00f2mics i competicions nacionals, la FETRIB convoca una subvenci\u00f3 per a aquest any 2023.<\/p>\n\n\n\n<p>La partida pressupost\u00e0ria ser\u00e0 de 5000\u20ac, amb la seg\u00fcent distribuci\u00f3, 3000\u20ac per a clubs amb representaci\u00f3 en cts de les Illes Balears i 2000\u20ac a clubs amb participaci\u00f3 en campionats d&#8217;Espanya.<\/p>\n\n\n\n<p>Podran optar a aquesta subvenci\u00f3 tots els clubs amb llic\u00e8ncia auton\u00f2mica en la FETRIB.<\/p>\n\n\n\n<p>Proves incloses en aquesta subvenci\u00f3:<\/p>\n\n\n\n<p><strong>CAMPIONATS AUTON\u00d2MICS<\/strong><\/p>\n\n\n\n<ul class=\"wp-block-list\">\n<li>Campionat de les Illes Balears de Duatl\u00f3 Sprint<\/li>\n\n\n\n<li>Campionat de les Illes Balears de Triatl\u00f3 Sprint<\/li>\n\n\n\n<li>Campionat de les Illes Balears d&#8217;Aquatl\u00f3<\/li>\n<\/ul>\n\n\n\n<p><strong>PROVES NACIONALS<\/strong><br \/>Podran accedir a aquesta subvenci\u00f3 tots els clubs amb esportistes de categorias cadet, juvenil, j\u00fanior, sub23 i \u00e8lit que participin en les seg\u00fcents proves:<\/p>\n\n\n\n<ul class=\"wp-block-list\">\n<li>Campionat d&#8217;Espanya Triatl\u00f3 Sprint, \u00c1guilas<\/li>\n\n\n\n<li>Campionat d&#8217;Espanya Triatl\u00f3 Ol\u00edmpic, Coru\u00f1a<\/li>\n\n\n\n<li>Campionat d&#8217;Espanya Triatl\u00f3 MD, Salamanca<\/li>\n\n\n\n<li>Campionat d&#8217;Espanya Triatl\u00f3 LD, Platja d\u2019Aro<\/li>\n\n\n\n<li>Campionat d&#8217;Espanya Duatl\u00f3, Soria \/ Alcobendas<\/li>\n\n\n\n<li>Campionat d&#8217;Espanya Duatl\u00f3 MD, H\u00edjar<\/li>\n\n\n\n<li>Campionat d&#8217;Espanya Aquatl\u00f3, Almaz\u00e1n<\/li>\n<\/ul>\n\n\n\n<p><\/p>\n\n\n\n<p><a href=\"http:\/\/fetrib.com\/web\/wp-content\/uploads\/2022\/11\/Anexo-proves.xls\">Anexo<\/a><\/p>\n","protected":false},"excerpt":{"rendered":"<p>Amb la finalitat d&#8217;incentivar la participaci\u00f3 dels clubs en els campionats auton\u00f2mics i competicions nacionals, la FETRIB convoca una subvenci\u00f3 per a aquest any 2023. La partida pressupost\u00e0ria ser\u00e0 de 5000\u20ac, amb la seg\u00fcent distribuci\u00f3, 3000\u20ac per a clubs amb representaci\u00f3 en cts de les Illes Balears i 2000\u20ac a clubs amb participaci\u00f3 en campionats &#8230;<\/p>\n","protected":false},"author":1,"featured_media":3915,"comment_status":"closed","ping_status":"open","sticky":false,"template":"","format":"standard","meta":{"_uag_custom_page_level_css":"","footnotes":""},"categories":[1],"tags":[],"class_list":["post-4395","post","type-post","status-publish","format-standard","has-post-thumbnail","hentry","category-general"],"uagb_featured_image_src":{"full":["https:\/\/fetrib.com\/web\/wp-content\/uploads\/2022\/07\/Logo-Quadrat-FETRIB.png",417,415,false],"thumbnail":["https:\/\/fetrib.com\/web\/wp-content\/uploads\/2022\/07\/Logo-Quadrat-FETRIB-150x150.png",150,150,true],"medium":["https:\/\/fetrib.com\/web\/wp-content\/uploads\/2022\/07\/Logo-Quadrat-FETRIB-300x300.png",300,300,true],"medium_large":["https:\/\/fetrib.com\/web\/wp-content\/uploads\/2022\/07\/Logo-Quadrat-FETRIB.png",417,415,false],"large":["https:\/\/fetrib.com\/web\/wp-content\/uploads\/2022\/07\/Logo-Quadrat-FETRIB.png",417,415,false],"1536x1536":["https:\/\/fetrib.com\/web\/wp-content\/uploads\/2022\/07\/Logo-Quadrat-FETRIB.png",417,415,false],"2048x2048":["https:\/\/fetrib.com\/web\/wp-content\/uploads\/2022\/07\/Logo-Quadrat-FETRIB.png",417,415,false],"tie-small":["https:\/\/fetrib.com\/web\/wp-content\/uploads\/2022\/07\/Logo-Quadrat-FETRIB-70x70.png",70,70,true],"tie-large":["https:\/\/fetrib.com\/web\/wp-content\/uploads\/2022\/07\/Logo-Quadrat-FETRIB-300x160.png",300,160,true],"slider":["https:\/\/fetrib.com\/web\/wp-content\/uploads\/2022\/07\/Logo-Quadrat-FETRIB-417x330.png",417,330,true]},"uagb_author_info":{"display_name":"admin","author_link":"https:\/\/fetrib.com\/web\/author\/admin\/"},"uagb_comment_info":0,"uagb_excerpt":"Amb la finalitat d&#8217;incentivar la participaci\u00f3 dels clubs en els campionats auton\u00f2mics i competicions nacionals, la FETRIB convoca una subvenci\u00f3 per a aquest any 2023. La partida pressupost\u00e0ria ser\u00e0 de 5000\u20ac, amb la seg\u00fcent distribuci\u00f3, 3000\u20ac per a clubs amb representaci\u00f3 en cts de les Illes Balears i 2000\u20ac a clubs amb participaci\u00f3 en campionats&hellip;","_links":{"self":[{"href":"https:\/\/fetrib.com\/web\/wp-json\/wp\/v2\/posts\/4395","targetHints":{"allow":["GET"]}}],"collection":[{"href":"https:\/\/fetrib.com\/web\/wp-json\/wp\/v2\/posts"}],"about":[{"href":"https:\/\/fetrib.com\/web\/wp-json\/wp\/v2\/types\/post"}],"author":[{"embeddable":true,"href":"https:\/\/fetrib.com\/web\/wp-json\/wp\/v2\/users\/1"}],"replies":[{"embeddable":true,"href":"https:\/\/fetrib.com\/web\/wp-json\/wp\/v2\/comments?post=4395"}],"version-history":[{"count":4,"href":"https:\/\/fetrib.com\/web\/wp-json\/wp\/v2\/posts\/4395\/revisions"}],"predecessor-version":[{"id":5875,"href":"https:\/\/fetrib.com\/web\/wp-json\/wp\/v2\/posts\/4395\/revisions\/5875"}],"wp:featuredmedia":[{"embeddable":true,"href":"https:\/\/fetrib.com\/web\/wp-json\/wp\/v2\/media\/3915"}],"wp:attachment":[{"href":"https:\/\/fetrib.com\/web\/wp-json\/wp\/v2\/media?parent=4395"}],"wp:term":[{"taxonomy":"category","embeddable":true,"href":"https:\/\/fetrib.com\/web\/wp-json\/wp\/v2\/categories?post=4395"},{"taxonomy":"post_tag","embeddable":true,"href":"https:\/\/fetrib.com\/web\/wp-json\/wp\/v2\/tags?post=4395"}],"curies":[{"name":"wp","href":"https:\/\/api.w.org\/{rel}","templated":true}]}}