{"id":4414,"date":"2023-03-07T16:06:09","date_gmt":"2023-03-07T16:06:09","guid":{"rendered":"http:\/\/fetrib.com\/web\/?p=4414"},"modified":"2023-03-07T16:07:26","modified_gmt":"2023-03-07T16:07:26","slug":"alberto-parrilla-y-susana-sevillano-se-hacen-con-el-titulo-del-i-duatlo-eivimotor-platja-den-bossa","status":"publish","type":"post","link":"https:\/\/fetrib.com\/web\/2023\/03\/07\/alberto-parrilla-y-susana-sevillano-se-hacen-con-el-titulo-del-i-duatlo-eivimotor-platja-den-bossa\/","title":{"rendered":"<strong>Alberto Parrilla y Susana Sevillano se hacen con el t\u00edtulo del I Duatl\u00f3 Eivimotor Platja d\u2019en Bossa<\/strong>"},"content":{"rendered":"\n<p>El pasado 1 de marzo, d\u00eda de ses Illes Balears, tuvo lugar el I Duatl\u00f3 Eivimotor Platja d\u2019en Bossa organizado por el Club GD Presuntos Triatletas. Todav\u00eda quedan semanas para que empiece la temporada multideporte, pero podemos afirmar que viene fuerte y es que fueron un total de 52 participantes los que se dejaron la piel pese al d\u00eda festivo y el fr\u00edo. <strong>Alberto Parrilla<\/strong> (G.D. Presuntos triatletas) y <strong>Susana Sevillano<\/strong> (ANb La Bastida) se hicieron con la victoria en sus respectivas categor\u00edas con una admirable ventaja.<\/p>\n\n\n\n<p>El Duatl\u00f3n se present\u00f3 en su modalidad Sprint (5km de carrera a pie, 20km en bicicleta de carretera y 2.5km de carrera a pie) y tuvo lugar al final de Platja d\u2019en Bossa y parte del pueblo de Sant Jordi, en Ctra de Las Salinas. Es el segundo duatl\u00f3n organizado por el club que preside Pablo Mendieta y nos deja con ganas de m\u00e1s para la siguiente temporada.<\/p>\n\n\n\n<p>La clasificaci\u00f3n general qued\u00f3 de la siguiente manera:<\/p>\n\n\n\n<p>Masculino Absoluto:<\/p>\n\n\n\n<ol class=\"wp-block-list\">\n<li>Alberto Parrilla<\/li>\n\n\n\n<li>Edu Laporte<\/li>\n\n\n\n<li>Ismael Parrilla<\/li>\n\n\n\n<li>Javier Cardona<\/li>\n\n\n\n<li>Pablo Fern\u00e1ndez<\/li>\n<\/ol>\n\n\n\n<p>Femenino Absoluto:<\/p>\n\n\n\n<ol class=\"wp-block-list\">\n<li>Susana Sevillano<\/li>\n\n\n\n<li>Patricia Quir\u00f3s<\/li>\n\n\n\n<li>Irene L\u00f3pez<\/li>\n\n\n\n<li>Marina Vi\u00f1as<\/li>\n\n\n\n<li>Mar\u00eda Victoria Abrate<\/li>\n<\/ol>\n\n\n\n<p>La victoria por equipos en categor\u00eda Femenina se la llev\u00f3 el mismo G.D Presuntos triatletas, seguido del A.D. Ibiza Half Triathlon, en categor\u00eda Masculina se giraron los resultados ganando as\u00ed el A.D Ibiza Half Triahlon y Gd Presuntos Triatletas en segundo lugar.. Se espera que el a\u00f1o que viene la convocatoria sea mayor, as\u00ed como la participaci\u00f3n femenina que no deja de sorprender en cada competici\u00f3n de la isla.<\/p>\n\n\n\n<p>Los resultados completos se pueden ver en:<\/p>\n\n\n\n<figure class=\"wp-block-embed\"><div class=\"wp-block-embed__wrapper\">\nhttps:\/\/www.elitechip.net\/index.php?zwshow=compdet&#038;idcomp=7011373&#038;compsec=clas\n<\/div><\/figure>\n\n\n\n<p>Por parte del Club se quiere agradecer la ayuda de los voluntarios de Equip Voluntari y Poteccion Civil de San Josep. Adem\u00e1s de agradecer a los vecinos la paciencia por los cortes de carretera. Sin ellos esta prueba deportiva no habr\u00eda sido posible.<\/p>\n","protected":false},"excerpt":{"rendered":"<p>El pasado 1 de marzo, d\u00eda de ses Illes Balears, tuvo lugar el I Duatl\u00f3 Eivimotor Platja d\u2019en Bossa organizado por el Club GD Presuntos Triatletas. Todav\u00eda quedan semanas para que empiece la temporada multideporte, pero podemos afirmar que viene fuerte y es que fueron un total de 52 participantes los que se dejaron la &#8230;<\/p>\n","protected":false},"author":1,"featured_media":4415,"comment_status":"closed","ping_status":"open","sticky":false,"template":"","format":"standard","meta":{"_uag_custom_page_level_css":"","footnotes":""},"categories":[1],"tags":[],"class_list":["post-4414","post","type-post","status-publish","format-standard","has-post-thumbnail","hentry","category-general"],"uagb_featured_image_src":{"full":["https:\/\/fetrib.com\/web\/wp-content\/uploads\/2023\/03\/20230301_111616-scaled-e1678205217990.jpg",2560,1414,false],"thumbnail":["https:\/\/fetrib.com\/web\/wp-content\/uploads\/2023\/03\/20230301_111616-scaled-e1678205217990-150x150.jpg",150,150,true],"medium":["https:\/\/fetrib.com\/web\/wp-content\/uploads\/2023\/03\/20230301_111616-scaled-e1678205217990-300x166.jpg",300,166,true],"medium_large":["https:\/\/fetrib.com\/web\/wp-content\/uploads\/2023\/03\/20230301_111616-scaled-e1678205217990-768x424.jpg",620,342,true],"large":["https:\/\/fetrib.com\/web\/wp-content\/uploads\/2023\/03\/20230301_111616-scaled-e1678205217990-1024x566.jpg",620,343,true],"1536x1536":["https:\/\/fetrib.com\/web\/wp-content\/uploads\/2023\/03\/20230301_111616-scaled-e1678205217990-1536x848.jpg",1536,848,true],"2048x2048":["https:\/\/fetrib.com\/web\/wp-content\/uploads\/2023\/03\/20230301_111616-scaled-e1678205217990-2048x1131.jpg",2048,1131,true],"tie-small":["https:\/\/fetrib.com\/web\/wp-content\/uploads\/2023\/03\/20230301_111616-scaled-e1678205217990-70x70.jpg",70,70,true],"tie-large":["https:\/\/fetrib.com\/web\/wp-content\/uploads\/2023\/03\/20230301_111616-scaled-e1678205217990-300x160.jpg",300,160,true],"slider":["https:\/\/fetrib.com\/web\/wp-content\/uploads\/2023\/03\/20230301_111616-scaled-e1678205217990-620x330.jpg",620,330,true]},"uagb_author_info":{"display_name":"admin","author_link":"https:\/\/fetrib.com\/web\/author\/admin\/"},"uagb_comment_info":0,"uagb_excerpt":"El pasado 1 de marzo, d\u00eda de ses Illes Balears, tuvo lugar el I Duatl\u00f3 Eivimotor Platja d\u2019en Bossa organizado por el Club GD Presuntos Triatletas. Todav\u00eda quedan semanas para que empiece la temporada multideporte, pero podemos afirmar que viene fuerte y es que fueron un total de 52 participantes los que se dejaron la&hellip;","_links":{"self":[{"href":"https:\/\/fetrib.com\/web\/wp-json\/wp\/v2\/posts\/4414","targetHints":{"allow":["GET"]}}],"collection":[{"href":"https:\/\/fetrib.com\/web\/wp-json\/wp\/v2\/posts"}],"about":[{"href":"https:\/\/fetrib.com\/web\/wp-json\/wp\/v2\/types\/post"}],"author":[{"embeddable":true,"href":"https:\/\/fetrib.com\/web\/wp-json\/wp\/v2\/users\/1"}],"replies":[{"embeddable":true,"href":"https:\/\/fetrib.com\/web\/wp-json\/wp\/v2\/comments?post=4414"}],"version-history":[{"count":1,"href":"https:\/\/fetrib.com\/web\/wp-json\/wp\/v2\/posts\/4414\/revisions"}],"predecessor-version":[{"id":4416,"href":"https:\/\/fetrib.com\/web\/wp-json\/wp\/v2\/posts\/4414\/revisions\/4416"}],"wp:featuredmedia":[{"embeddable":true,"href":"https:\/\/fetrib.com\/web\/wp-json\/wp\/v2\/media\/4415"}],"wp:attachment":[{"href":"https:\/\/fetrib.com\/web\/wp-json\/wp\/v2\/media?parent=4414"}],"wp:term":[{"taxonomy":"category","embeddable":true,"href":"https:\/\/fetrib.com\/web\/wp-json\/wp\/v2\/categories?post=4414"},{"taxonomy":"post_tag","embeddable":true,"href":"https:\/\/fetrib.com\/web\/wp-json\/wp\/v2\/tags?post=4414"}],"curies":[{"name":"wp","href":"https:\/\/api.w.org\/{rel}","templated":true}]}}