{"id":4431,"date":"2023-03-09T18:51:32","date_gmt":"2023-03-09T18:51:32","guid":{"rendered":"http:\/\/fetrib.com\/web\/?p=4431"},"modified":"2023-06-12T15:28:50","modified_gmt":"2023-06-12T15:28:50","slug":"criteris-per-a-la-confeccio-de-la-seleccio-autonomica-pel-campionat-despanya-dautonomies-de-valladolid-2023","status":"publish","type":"post","link":"https:\/\/fetrib.com\/web\/2023\/03\/09\/criteris-per-a-la-confeccio-de-la-seleccio-autonomica-pel-campionat-despanya-dautonomies-de-valladolid-2023\/","title":{"rendered":"<strong>Criteris per a la confecci\u00f3 de la selecci\u00f3 auton\u00f2mica pel Campionat d\u2019Espanya d\u2019Autonomies de Valladolid 2023.<\/strong>"},"content":{"rendered":"\n<p>La temporada 2023 presenta una novetat en el campionat d\u2019Espanya per autonomies. La prova absoluta consistir\u00e0 en un triatl\u00f3 dist\u00e0ncia sprint el dissabte i un duatl\u00f3 per relleus el diumenge.<\/p>\n\n\n\n<p>El campionat escolar no sofreix cap modificaci\u00f3.<\/p>\n\n\n\n<p>Per tal de confeccionar les seleccions auton\u00f2miques que participaran en el Campionat d\u2019Espanya per autonomies s\u2019utilitzaran els seg\u00fcents criteris:<\/p>\n\n\n\n<p><strong>Selecci\u00f3 Absoluta<\/strong><\/p>\n\n\n\n<p>Per classificaci\u00f3:<\/p>\n\n\n\n<ul class=\"wp-block-list\">\n<li>Primer\/a classificat\/da en el Campionat de les Illes Balears de duatl\u00f3. <\/li>\n\n\n\n<li>Primer\/a classificat\/da en el Campionat de les Illes Balears de triatl\u00f3.<\/li>\n<\/ul>\n\n\n\n<p>Per criteri t\u00e8cnic:<\/p>\n\n\n\n<ul class=\"wp-block-list\">\n<li>4 places a crit\u00e8ri t\u00e8cnic tenint en compte resultats en altres proves<\/li>\n<\/ul>\n\n\n\n<p><\/p>\n\n\n\n<p>S<strong>elecci\u00f3 Escolar<\/strong><\/p>\n\n\n\n<p>Per classificaci\u00f3:<\/p>\n\n\n\n<ul class=\"wp-block-list\">\n<li>Primer\/a classificat\/da en el Campionat de les Illes Balears de triatl\u00f3.<\/li>\n<\/ul>\n\n\n\n<p>Per criteri t\u00e8cnic:<\/p>\n\n\n\n<ul class=\"wp-block-list\">\n<li>3 places a crit\u00e8ri t\u00e8cnic tenint en compte resultats en altres proves<\/li>\n<\/ul>\n\n\n\n<p><\/p>\n\n\n\n<p><a href=\"http:\/\/fetrib.com\/web\/wp-content\/uploads\/2023\/03\/Criteris-seleccio-autonomies-2023.pdf\">Convocat\u00f2ria<\/a><\/p>\n","protected":false},"excerpt":{"rendered":"<p>La temporada 2023 presenta una novetat en el campionat d\u2019Espanya per autonomies. La prova absoluta consistir\u00e0 en un triatl\u00f3 dist\u00e0ncia sprint el dissabte i un duatl\u00f3 per relleus el diumenge. El campionat escolar no sofreix cap modificaci\u00f3. Per tal de confeccionar les seleccions auton\u00f2miques que participaran en el Campionat d\u2019Espanya per autonomies s\u2019utilitzaran els seg\u00fcents &#8230;<\/p>\n","protected":false},"author":1,"featured_media":3918,"comment_status":"closed","ping_status":"open","sticky":false,"template":"","format":"standard","meta":{"_uag_custom_page_level_css":"","footnotes":""},"categories":[62],"tags":[],"class_list":["post-4431","post","type-post","status-publish","format-standard","has-post-thumbnail","hentry","category-criteris-seleccio"],"uagb_featured_image_src":{"full":["https:\/\/fetrib.com\/web\/wp-content\/uploads\/2022\/07\/Logo-Quadrat-FETRIB-2-e1659420304386.png",200,199,false],"thumbnail":["https:\/\/fetrib.com\/web\/wp-content\/uploads\/2022\/07\/Logo-Quadrat-FETRIB-2-150x150.png",150,150,true],"medium":["https:\/\/fetrib.com\/web\/wp-content\/uploads\/2022\/07\/Logo-Quadrat-FETRIB-2-300x300.png",300,300,true],"medium_large":["https:\/\/fetrib.com\/web\/wp-content\/uploads\/2022\/07\/Logo-Quadrat-FETRIB-2-e1659420304386.png",200,199,false],"large":["https:\/\/fetrib.com\/web\/wp-content\/uploads\/2022\/07\/Logo-Quadrat-FETRIB-2-e1659420304386.png",200,199,false],"1536x1536":["https:\/\/fetrib.com\/web\/wp-content\/uploads\/2022\/07\/Logo-Quadrat-FETRIB-2-e1659420304386.png",200,199,false],"2048x2048":["https:\/\/fetrib.com\/web\/wp-content\/uploads\/2022\/07\/Logo-Quadrat-FETRIB-2-e1659420304386.png",200,199,false],"tie-small":["https:\/\/fetrib.com\/web\/wp-content\/uploads\/2022\/07\/Logo-Quadrat-FETRIB-2-70x70.png",70,70,true],"tie-large":["https:\/\/fetrib.com\/web\/wp-content\/uploads\/2022\/07\/Logo-Quadrat-FETRIB-2-300x160.png",300,160,true],"slider":["https:\/\/fetrib.com\/web\/wp-content\/uploads\/2022\/07\/Logo-Quadrat-FETRIB-2-417x330.png",417,330,true]},"uagb_author_info":{"display_name":"admin","author_link":"https:\/\/fetrib.com\/web\/author\/admin\/"},"uagb_comment_info":0,"uagb_excerpt":"La temporada 2023 presenta una novetat en el campionat d\u2019Espanya per autonomies. La prova absoluta consistir\u00e0 en un triatl\u00f3 dist\u00e0ncia sprint el dissabte i un duatl\u00f3 per relleus el diumenge. El campionat escolar no sofreix cap modificaci\u00f3. Per tal de confeccionar les seleccions auton\u00f2miques que participaran en el Campionat d\u2019Espanya per autonomies s\u2019utilitzaran els seg\u00fcents&hellip;","_links":{"self":[{"href":"https:\/\/fetrib.com\/web\/wp-json\/wp\/v2\/posts\/4431","targetHints":{"allow":["GET"]}}],"collection":[{"href":"https:\/\/fetrib.com\/web\/wp-json\/wp\/v2\/posts"}],"about":[{"href":"https:\/\/fetrib.com\/web\/wp-json\/wp\/v2\/types\/post"}],"author":[{"embeddable":true,"href":"https:\/\/fetrib.com\/web\/wp-json\/wp\/v2\/users\/1"}],"replies":[{"embeddable":true,"href":"https:\/\/fetrib.com\/web\/wp-json\/wp\/v2\/comments?post=4431"}],"version-history":[{"count":2,"href":"https:\/\/fetrib.com\/web\/wp-json\/wp\/v2\/posts\/4431\/revisions"}],"predecessor-version":[{"id":5433,"href":"https:\/\/fetrib.com\/web\/wp-json\/wp\/v2\/posts\/4431\/revisions\/5433"}],"wp:featuredmedia":[{"embeddable":true,"href":"https:\/\/fetrib.com\/web\/wp-json\/wp\/v2\/media\/3918"}],"wp:attachment":[{"href":"https:\/\/fetrib.com\/web\/wp-json\/wp\/v2\/media?parent=4431"}],"wp:term":[{"taxonomy":"category","embeddable":true,"href":"https:\/\/fetrib.com\/web\/wp-json\/wp\/v2\/categories?post=4431"},{"taxonomy":"post_tag","embeddable":true,"href":"https:\/\/fetrib.com\/web\/wp-json\/wp\/v2\/tags?post=4431"}],"curies":[{"name":"wp","href":"https:\/\/api.w.org\/{rel}","templated":true}]}}