{"id":4433,"date":"2023-03-12T16:51:13","date_gmt":"2023-03-12T16:51:13","guid":{"rendered":"http:\/\/fetrib.com\/web\/?p=4433"},"modified":"2023-03-12T16:54:09","modified_gmt":"2023-03-12T16:54:09","slug":"gemma-llabres-i-jordci-garcia-guanyen-lautonomic-de-duatlo","status":"publish","type":"post","link":"https:\/\/fetrib.com\/web\/2023\/03\/12\/gemma-llabres-i-jordci-garcia-guanyen-lautonomic-de-duatlo\/","title":{"rendered":"Gemma Llabr\u00e9s i Jordi Garcia guanyen l&#8217;auton\u00f2mic de Duatl\u00f3"},"content":{"rendered":"\n<p><em>Una prova disputada al Circuit Mallorca de Llucmajor<\/em><\/p>\n\n\n\n<p>Despr\u00e9s de no poder celebrar el Campionat de Duatl\u00f3 al Port d&#8217;Andratx, una bona gesti\u00f3 de la FETRIB i una gran predisposici\u00f3 del Circuit Mallorca de Llucmajor, permetien celebrar el Campionat de les Illes Balears de Duatl\u00f3 en dist\u00e0ncia sprint.<\/p>\n\n\n\n<p>En homes, Jordi Garcia es posava al capdavant de la prova des de l&#8217;inici, nom\u00e9s seguit a curta dist\u00e0ncia per I\u00f1aki Pena-Manso, l\u00edder actual de la II Lliga Trideporte de duatl\u00f3. M\u00e9s enrera els seguien un grup de 7 esportistes.<\/p>\n\n\n\n<p>Els atletes arribaven en aquest ordre a la primera transici\u00f3. En el segment ciclista els dos primers esportistes s&#8217;agrupaven i feien tot el recorregut junts. Per darrera el grup seguia compacte encara que perdent temps en cada volta.<\/p>\n\n\n\n<p>FInalment, al darrer segment, Jordi Garcia (55:02) s&#8217;imposava amb una avantatge de 11 segons a I\u00f1aki (55:13), fent valer el seu bon estat de forma. En tercer lloc, liderant el grup perseguidor, arribava a meta Jorge Morcillo, amb un temps de 57:28.<\/p>\n\n\n\n<p>Dos minuts m\u00e9s tard que els homes, es donava la sortida a les dones. Des de l&#8217;inici, Gemma Llabr\u00e9s feia valer el seu gran segment de carrera, arribant a la primera transici\u00f3 amb poc m\u00e9s d&#8217;un minut de avantatge sobre Chlo\u00e9 Serra. M\u00e9s enrera entrava Andrea Emery.<\/p>\n\n\n\n<p>En el segon sector, Chlo\u00e9 feia valer la seva preparaci\u00f3 de la mitja dist\u00e0ncia, i en un circuit dur de ciclisme recuperava dist\u00e0ncies i arribaven juntes a la segona transici\u00f3. Finalment Gemma vencia amb un temps de 1:05:13, per davant de Chlo\u00e9 1:05:50 i Andrea Emery 1:08:47.<\/p>\n\n\n\n<p>En clubs masculins, EL CD VAS guanyava la prova, per\u00f2 al no tenir llic\u00e8ncia balear no entrava dins del campionat de balears que guanyava el Viva &#8211; Raiguer, per davant del Triacademy i el CA Joan Comes Sa Pobla. En dones les primeres foren les del Amistat-NovomarHotel per davant del Triacademy i el Campusesport.<\/p>\n\n\n\n<p>La FETRIB vol donar les gr\u00e0cies a la propietat i a la ger\u00e8ncia del Circuit Mallorca de Llucmajor per les moltes facilitats proporcionades per poder dur a terme aquesta prova.<\/p>\n\n\n\n<p>La darrera prova puntuable de la II Lliga de duatl\u00f3 Trideporte ser\u00e0 al duatl\u00f3 SUD el proper 25 de mar\u00e7 a Ses Salines.<\/p>\n","protected":false},"excerpt":{"rendered":"<p>Una prova disputada al Circuit Mallorca de Llucmajor Despr\u00e9s de no poder celebrar el Campionat de Duatl\u00f3 al Port d&#8217;Andratx, una bona gesti\u00f3 de la FETRIB i una gran predisposici\u00f3 del Circuit Mallorca de Llucmajor, permetien celebrar el Campionat de les Illes Balears de Duatl\u00f3 en dist\u00e0ncia sprint. En homes, Jordi Garcia es posava al &#8230;<\/p>\n","protected":false},"author":1,"featured_media":4434,"comment_status":"closed","ping_status":"open","sticky":false,"template":"","format":"standard","meta":{"_uag_custom_page_level_css":"","footnotes":""},"categories":[1],"tags":[],"class_list":["post-4433","post","type-post","status-publish","format-standard","has-post-thumbnail","hentry","category-general"],"uagb_featured_image_src":{"full":["https:\/\/fetrib.com\/web\/wp-content\/uploads\/2023\/03\/WhatsApp-Image-2023-03-12-at-17.21.53.jpeg",1600,1066,false],"thumbnail":["https:\/\/fetrib.com\/web\/wp-content\/uploads\/2023\/03\/WhatsApp-Image-2023-03-12-at-17.21.53-150x150.jpeg",150,150,true],"medium":["https:\/\/fetrib.com\/web\/wp-content\/uploads\/2023\/03\/WhatsApp-Image-2023-03-12-at-17.21.53-300x200.jpeg",300,200,true],"medium_large":["https:\/\/fetrib.com\/web\/wp-content\/uploads\/2023\/03\/WhatsApp-Image-2023-03-12-at-17.21.53-768x512.jpeg",620,413,true],"large":["https:\/\/fetrib.com\/web\/wp-content\/uploads\/2023\/03\/WhatsApp-Image-2023-03-12-at-17.21.53-1024x682.jpeg",620,413,true],"1536x1536":["https:\/\/fetrib.com\/web\/wp-content\/uploads\/2023\/03\/WhatsApp-Image-2023-03-12-at-17.21.53-1536x1023.jpeg",1536,1023,true],"2048x2048":["https:\/\/fetrib.com\/web\/wp-content\/uploads\/2023\/03\/WhatsApp-Image-2023-03-12-at-17.21.53.jpeg",1600,1066,false],"tie-small":["https:\/\/fetrib.com\/web\/wp-content\/uploads\/2023\/03\/WhatsApp-Image-2023-03-12-at-17.21.53-70x70.jpeg",70,70,true],"tie-large":["https:\/\/fetrib.com\/web\/wp-content\/uploads\/2023\/03\/WhatsApp-Image-2023-03-12-at-17.21.53-300x160.jpeg",300,160,true],"slider":["https:\/\/fetrib.com\/web\/wp-content\/uploads\/2023\/03\/WhatsApp-Image-2023-03-12-at-17.21.53-620x330.jpeg",620,330,true]},"uagb_author_info":{"display_name":"admin","author_link":"https:\/\/fetrib.com\/web\/author\/admin\/"},"uagb_comment_info":0,"uagb_excerpt":"Una prova disputada al Circuit Mallorca de Llucmajor Despr\u00e9s de no poder celebrar el Campionat de Duatl\u00f3 al Port d&#8217;Andratx, una bona gesti\u00f3 de la FETRIB i una gran predisposici\u00f3 del Circuit Mallorca de Llucmajor, permetien celebrar el Campionat de les Illes Balears de Duatl\u00f3 en dist\u00e0ncia sprint. En homes, Jordi Garcia es posava al&hellip;","_links":{"self":[{"href":"https:\/\/fetrib.com\/web\/wp-json\/wp\/v2\/posts\/4433","targetHints":{"allow":["GET"]}}],"collection":[{"href":"https:\/\/fetrib.com\/web\/wp-json\/wp\/v2\/posts"}],"about":[{"href":"https:\/\/fetrib.com\/web\/wp-json\/wp\/v2\/types\/post"}],"author":[{"embeddable":true,"href":"https:\/\/fetrib.com\/web\/wp-json\/wp\/v2\/users\/1"}],"replies":[{"embeddable":true,"href":"https:\/\/fetrib.com\/web\/wp-json\/wp\/v2\/comments?post=4433"}],"version-history":[{"count":2,"href":"https:\/\/fetrib.com\/web\/wp-json\/wp\/v2\/posts\/4433\/revisions"}],"predecessor-version":[{"id":4436,"href":"https:\/\/fetrib.com\/web\/wp-json\/wp\/v2\/posts\/4433\/revisions\/4436"}],"wp:featuredmedia":[{"embeddable":true,"href":"https:\/\/fetrib.com\/web\/wp-json\/wp\/v2\/media\/4434"}],"wp:attachment":[{"href":"https:\/\/fetrib.com\/web\/wp-json\/wp\/v2\/media?parent=4433"}],"wp:term":[{"taxonomy":"category","embeddable":true,"href":"https:\/\/fetrib.com\/web\/wp-json\/wp\/v2\/categories?post=4433"},{"taxonomy":"post_tag","embeddable":true,"href":"https:\/\/fetrib.com\/web\/wp-json\/wp\/v2\/tags?post=4433"}],"curies":[{"name":"wp","href":"https:\/\/api.w.org\/{rel}","templated":true}]}}