{"id":4446,"date":"2023-03-25T17:06:50","date_gmt":"2023-03-25T17:06:50","guid":{"rendered":"http:\/\/fetrib.com\/web\/?p=4446"},"modified":"2023-03-25T17:38:58","modified_gmt":"2023-03-25T17:38:58","slug":"chloe-serra-y-sebastia-mascaro-dominan-el-duatlo-sud-de-ses-salines","status":"publish","type":"post","link":"https:\/\/fetrib.com\/web\/2023\/03\/25\/chloe-serra-y-sebastia-mascaro-dominan-el-duatlo-sud-de-ses-salines\/","title":{"rendered":"Chlo\u00e9 Serra y Sebasti\u00e0 Mascar\u00f3 dominan el Duatl\u00f3 Sud de Ses Salines"},"content":{"rendered":"\n<p>La Colonia de Sant Jordi ha sido escenario del Duatl\u00f3 Sud, organizado por el Ajuntament de Ses Salines i la FETRIB. Un escenario emblem\u00e1tico que recuperaba este duatl\u00f3n despu\u00e9s de la pandemia.<\/p>\n\n\n\n<p>Ambos se han impuesto con claridad en la \u00faltima prueba puntuable para la II Lliga Trideporte de duatl\u00f3n.<\/p>\n\n\n\n<p>En chicos Biel Fortezs y Xavi Gornals lanzaban la carrera, que circulaba por un circuito bordeando la costa, llegando a la primera transici\u00f3n con 30 segundos de ventaja sobre Sebasti\u00e0 Mascar\u00f3 y Dani Esbri.<\/p>\n\n\n\n<p>En el segmento ciclista se formaba un grupo del que finalmente se escapaba Mascar\u00f3 para entrar en la T2 en solitario y mantener su ventaja hasta la meta. Le acompa\u00f1aban en el podio Biel Forteza y Dani Esbr\u00ed.<\/p>\n\n\n\n<p>En chicas Chol\u00e9 Serra demostraba su gran estado de forma realizando la carrera en solitario solo seguida a distancia por Emma Parra y Sara Jarillo que compartirian el podio.<\/p>\n\n\n\n<p>Por clubs, el RDS Triatl\u00f3 alcanzaba el primer puesto en chicos y el Campusesport en Chicas.<\/p>\n\n\n\n<p>Con esta prueba se ha puesto punto y final a la segunda liga Trideporte de duatl\u00f3n, que este a\u00f1o ha constado de cinco pruebas.<\/p>\n\n\n\n<figure class=\"wp-block-image size-large\"><img loading=\"lazy\" decoding=\"async\" width=\"1024\" height=\"768\" src=\"http:\/\/fetrib.com\/web\/wp-content\/uploads\/2023\/03\/20230325_113959-1024x768.jpg\" alt=\"\" class=\"wp-image-4449\" srcset=\"https:\/\/fetrib.com\/web\/wp-content\/uploads\/2023\/03\/20230325_113959-1024x768.jpg 1024w, https:\/\/fetrib.com\/web\/wp-content\/uploads\/2023\/03\/20230325_113959-300x225.jpg 300w, https:\/\/fetrib.com\/web\/wp-content\/uploads\/2023\/03\/20230325_113959-768x576.jpg 768w, https:\/\/fetrib.com\/web\/wp-content\/uploads\/2023\/03\/20230325_113959-1536x1152.jpg 1536w\" sizes=\"auto, (max-width: 1024px) 100vw, 1024px\" \/><\/figure>\n","protected":false},"excerpt":{"rendered":"<p>La Colonia de Sant Jordi ha sido escenario del Duatl\u00f3 Sud, organizado por el Ajuntament de Ses Salines i la FETRIB. Un escenario emblem\u00e1tico que recuperaba este duatl\u00f3n despu\u00e9s de la pandemia. Ambos se han impuesto con claridad en la \u00faltima prueba puntuable para la II Lliga Trideporte de duatl\u00f3n. En chicos Biel Fortezs y &#8230;<\/p>\n","protected":false},"author":1,"featured_media":4451,"comment_status":"closed","ping_status":"open","sticky":false,"template":"","format":"standard","meta":{"_uag_custom_page_level_css":"","footnotes":""},"categories":[1],"tags":[],"class_list":["post-4446","post","type-post","status-publish","format-standard","has-post-thumbnail","hentry","category-general"],"uagb_featured_image_src":{"full":["https:\/\/fetrib.com\/web\/wp-content\/uploads\/2023\/03\/IMG-20230325-WA0066.jpg",1536,2048,false],"thumbnail":["https:\/\/fetrib.com\/web\/wp-content\/uploads\/2023\/03\/IMG-20230325-WA0066-150x150.jpg",150,150,true],"medium":["https:\/\/fetrib.com\/web\/wp-content\/uploads\/2023\/03\/IMG-20230325-WA0066-225x300.jpg",225,300,true],"medium_large":["https:\/\/fetrib.com\/web\/wp-content\/uploads\/2023\/03\/IMG-20230325-WA0066-768x1024.jpg",620,827,true],"large":["https:\/\/fetrib.com\/web\/wp-content\/uploads\/2023\/03\/IMG-20230325-WA0066-768x1024.jpg",620,827,true],"1536x1536":["https:\/\/fetrib.com\/web\/wp-content\/uploads\/2023\/03\/IMG-20230325-WA0066-1152x1536.jpg",1152,1536,true],"2048x2048":["https:\/\/fetrib.com\/web\/wp-content\/uploads\/2023\/03\/IMG-20230325-WA0066.jpg",1536,2048,false],"tie-small":["https:\/\/fetrib.com\/web\/wp-content\/uploads\/2023\/03\/IMG-20230325-WA0066-70x70.jpg",70,70,true],"tie-large":["https:\/\/fetrib.com\/web\/wp-content\/uploads\/2023\/03\/IMG-20230325-WA0066-300x160.jpg",300,160,true],"slider":["https:\/\/fetrib.com\/web\/wp-content\/uploads\/2023\/03\/IMG-20230325-WA0066-620x330.jpg",620,330,true]},"uagb_author_info":{"display_name":"admin","author_link":"https:\/\/fetrib.com\/web\/author\/admin\/"},"uagb_comment_info":0,"uagb_excerpt":"La Colonia de Sant Jordi ha sido escenario del Duatl\u00f3 Sud, organizado por el Ajuntament de Ses Salines i la FETRIB. Un escenario emblem\u00e1tico que recuperaba este duatl\u00f3n despu\u00e9s de la pandemia. Ambos se han impuesto con claridad en la \u00faltima prueba puntuable para la II Lliga Trideporte de duatl\u00f3n. En chicos Biel Fortezs y&hellip;","_links":{"self":[{"href":"https:\/\/fetrib.com\/web\/wp-json\/wp\/v2\/posts\/4446","targetHints":{"allow":["GET"]}}],"collection":[{"href":"https:\/\/fetrib.com\/web\/wp-json\/wp\/v2\/posts"}],"about":[{"href":"https:\/\/fetrib.com\/web\/wp-json\/wp\/v2\/types\/post"}],"author":[{"embeddable":true,"href":"https:\/\/fetrib.com\/web\/wp-json\/wp\/v2\/users\/1"}],"replies":[{"embeddable":true,"href":"https:\/\/fetrib.com\/web\/wp-json\/wp\/v2\/comments?post=4446"}],"version-history":[{"count":2,"href":"https:\/\/fetrib.com\/web\/wp-json\/wp\/v2\/posts\/4446\/revisions"}],"predecessor-version":[{"id":4450,"href":"https:\/\/fetrib.com\/web\/wp-json\/wp\/v2\/posts\/4446\/revisions\/4450"}],"wp:featuredmedia":[{"embeddable":true,"href":"https:\/\/fetrib.com\/web\/wp-json\/wp\/v2\/media\/4451"}],"wp:attachment":[{"href":"https:\/\/fetrib.com\/web\/wp-json\/wp\/v2\/media?parent=4446"}],"wp:term":[{"taxonomy":"category","embeddable":true,"href":"https:\/\/fetrib.com\/web\/wp-json\/wp\/v2\/categories?post=4446"},{"taxonomy":"post_tag","embeddable":true,"href":"https:\/\/fetrib.com\/web\/wp-json\/wp\/v2\/tags?post=4446"}],"curies":[{"name":"wp","href":"https:\/\/api.w.org\/{rel}","templated":true}]}}