{"id":450,"date":"2014-04-24T11:27:06","date_gmt":"2014-04-24T11:27:06","guid":{"rendered":"http:\/\/www.fetrib.com\/web2018\/news\/latest-news\/nova-cobertura-rc-als-federats\/"},"modified":"2014-04-24T11:27:06","modified_gmt":"2014-04-24T11:27:06","slug":"nova-cobertura-rc-als-federats","status":"publish","type":"post","link":"https:\/\/fetrib.com\/web\/2014\/04\/24\/nova-cobertura-rc-als-federats\/","title":{"rendered":"Nova cobertura RC als federats"},"content":{"rendered":"<p><img loading=\"lazy\" decoding=\"async\" class=\" size-full wp-image-420\" src=\"http:\/\/fetrib.com\/web\/wp-content\/uploads\/2014\/02\/logo-fetrib-web.jpg\" border=\"0\" alt=\"\" style=\"display: block; margin-left: auto; margin-right: auto;\" width=\"196\" height=\"168\" \/><\/p>\n<p>Despr\u00e9s d&#8217;algunes negociacions la FETRIB ha aconseguit augmentar les cobertures de l&#8217;asseguran\u00e7a dels nostres federats sense repercutir-ho en les taxes de les llic\u00e8ncies.<\/p>\n<p>Des del 23 d&#8217;abril tots els federats a la FETRIB tenen cobertura de responsabilitat civil durant tota la temporada, tant en competicions com en entrenaments. Aix\u00f2 suposa que es cobriran els danys i\/o mals a terceres persones provocats pels federats.<\/p>\n<p>Des de la FETRIB continuam treballant pels nostres federats.<\/p>\n","protected":false},"excerpt":{"rendered":"<p>Despr\u00e9s d&#8217;algunes negociacions la FETRIB ha aconseguit augmentar les cobertures de l&#8217;asseguran\u00e7a dels nostres federats sense repercutir-ho en les taxes de les llic\u00e8ncies. Des del 23 d&#8217;abril tots els federats a la FETRIB tenen cobertura de responsabilitat civil durant tota la temporada, tant en competicions com en entrenaments. Aix\u00f2 suposa que es cobriran els danys &#8230;<\/p>\n","protected":false},"author":1,"featured_media":420,"comment_status":"open","ping_status":"open","sticky":false,"template":"","format":"standard","meta":{"_uag_custom_page_level_css":"","footnotes":""},"categories":[37],"tags":[],"class_list":["post-450","post","type-post","status-publish","format-standard","has-post-thumbnail","hentry","category-latest-news"],"uagb_featured_image_src":{"full":["https:\/\/fetrib.com\/web\/wp-content\/uploads\/2014\/02\/logo-fetrib-web.jpg",196,168,false],"thumbnail":["https:\/\/fetrib.com\/web\/wp-content\/uploads\/2014\/02\/logo-fetrib-web-150x150.jpg",150,150,true],"medium":["https:\/\/fetrib.com\/web\/wp-content\/uploads\/2014\/02\/logo-fetrib-web.jpg",196,168,false],"medium_large":["https:\/\/fetrib.com\/web\/wp-content\/uploads\/2014\/02\/logo-fetrib-web.jpg",196,168,false],"large":["https:\/\/fetrib.com\/web\/wp-content\/uploads\/2014\/02\/logo-fetrib-web.jpg",196,168,false],"1536x1536":["https:\/\/fetrib.com\/web\/wp-content\/uploads\/2014\/02\/logo-fetrib-web.jpg",196,168,false],"2048x2048":["https:\/\/fetrib.com\/web\/wp-content\/uploads\/2014\/02\/logo-fetrib-web.jpg",196,168,false],"tie-small":["https:\/\/fetrib.com\/web\/wp-content\/uploads\/2014\/02\/logo-fetrib-web-70x70.jpg",70,70,true],"tie-large":["https:\/\/fetrib.com\/web\/wp-content\/uploads\/2014\/02\/logo-fetrib-web-196x160.jpg",196,160,true],"slider":["https:\/\/fetrib.com\/web\/wp-content\/uploads\/2014\/02\/logo-fetrib-web.jpg",196,168,false]},"uagb_author_info":{"display_name":"admin","author_link":"https:\/\/fetrib.com\/web\/author\/admin\/"},"uagb_comment_info":0,"uagb_excerpt":"Despr\u00e9s d&#8217;algunes negociacions la FETRIB ha aconseguit augmentar les cobertures de l&#8217;asseguran\u00e7a dels nostres federats sense repercutir-ho en les taxes de les llic\u00e8ncies. Des del 23 d&#8217;abril tots els federats a la FETRIB tenen cobertura de responsabilitat civil durant tota la temporada, tant en competicions com en entrenaments. Aix\u00f2 suposa que es cobriran els danys&hellip;","_links":{"self":[{"href":"https:\/\/fetrib.com\/web\/wp-json\/wp\/v2\/posts\/450","targetHints":{"allow":["GET"]}}],"collection":[{"href":"https:\/\/fetrib.com\/web\/wp-json\/wp\/v2\/posts"}],"about":[{"href":"https:\/\/fetrib.com\/web\/wp-json\/wp\/v2\/types\/post"}],"author":[{"embeddable":true,"href":"https:\/\/fetrib.com\/web\/wp-json\/wp\/v2\/users\/1"}],"replies":[{"embeddable":true,"href":"https:\/\/fetrib.com\/web\/wp-json\/wp\/v2\/comments?post=450"}],"version-history":[{"count":0,"href":"https:\/\/fetrib.com\/web\/wp-json\/wp\/v2\/posts\/450\/revisions"}],"wp:featuredmedia":[{"embeddable":true,"href":"https:\/\/fetrib.com\/web\/wp-json\/wp\/v2\/media\/420"}],"wp:attachment":[{"href":"https:\/\/fetrib.com\/web\/wp-json\/wp\/v2\/media?parent=450"}],"wp:term":[{"taxonomy":"category","embeddable":true,"href":"https:\/\/fetrib.com\/web\/wp-json\/wp\/v2\/categories?post=450"},{"taxonomy":"post_tag","embeddable":true,"href":"https:\/\/fetrib.com\/web\/wp-json\/wp\/v2\/tags?post=450"}],"curies":[{"name":"wp","href":"https:\/\/api.w.org\/{rel}","templated":true}]}}