{"id":457,"date":"2008-08-12T10:00:00","date_gmt":"2008-08-12T10:00:00","guid":{"rendered":"http:\/\/www.fetrib.com\/web2018\/secretaria\/general\/horaris\/"},"modified":"2008-08-12T10:00:00","modified_gmt":"2008-08-12T10:00:00","slug":"horaris","status":"publish","type":"post","link":"https:\/\/fetrib.com\/web\/2008\/08\/12\/horaris\/","title":{"rendered":"Horaris d&#8217;atenci\u00f3"},"content":{"rendered":"<div><strong>Horaris d&#8217;atenci\u00f3 . <\/strong><\/div>\n<p><strong><br \/><\/strong><img decoding=\"async\" src=\"images\/stories\/key.jpg\" border=\"0\" align=\"left\" \/><\/p>\n<p>\u00a0<\/p>\n<p>\u00a0<\/p>\n<p>\u00a0<\/p>\n<p>\u00a0<\/p>\n<p>La FETRIB est\u00e0 oberta al p\u00fablic per a qualsevol gesti\u00f3 que necessiteu fer els dijous de 14 a 16h.<\/p>\n<p style=\"text-align: left;\">Si aquest horari no vos an\u00e0s b\u00e9 podeu concertar una cita i ens adaptarem al vostre horari. <\/p>\n<p style=\"text-align: left;\"><span style=\"line-height: 1.3em;\">secretaria@fetrib.com<\/span><\/p>\n<p style=\"text-align: left;\"><span style=\"text-align: center;\">tlf: 647 79 39 48<\/span><\/p>\n<p>\u00a0La Seu Social est\u00e0 ubicada a Avda. de Uruguay, s\/n, Palma Arena. Palma de Mallorca.<\/p>\n<p><span style=\"text-align: center;\">\u00a0<\/span><\/p>\n","protected":false},"excerpt":{"rendered":"<p>Horaris d&#8217;atenci\u00f3 . \u00a0 \u00a0 \u00a0 \u00a0 La FETRIB est\u00e0 oberta al p\u00fablic per a qualsevol gesti\u00f3 que necessiteu fer els dijous de 14 a 16h. Si aquest horari no vos an\u00e0s b\u00e9 podeu concertar una cita i ens adaptarem al vostre horari. secretaria@fetrib.com tlf: 647 79 39 48 \u00a0La Seu Social est\u00e0 ubicada a &#8230;<\/p>\n","protected":false},"author":1,"featured_media":0,"comment_status":"open","ping_status":"open","sticky":false,"template":"","format":"standard","meta":{"_uag_custom_page_level_css":"","footnotes":""},"categories":[1],"tags":[],"class_list":["post-457","post","type-post","status-publish","format-standard","hentry","category-general"],"uagb_featured_image_src":{"full":false,"thumbnail":false,"medium":false,"medium_large":false,"large":false,"1536x1536":false,"2048x2048":false,"tie-small":false,"tie-large":false,"slider":false},"uagb_author_info":{"display_name":"admin","author_link":"https:\/\/fetrib.com\/web\/author\/admin\/"},"uagb_comment_info":0,"uagb_excerpt":"Horaris d&#8217;atenci\u00f3 . \u00a0 \u00a0 \u00a0 \u00a0 La FETRIB est\u00e0 oberta al p\u00fablic per a qualsevol gesti\u00f3 que necessiteu fer els dijous de 14 a 16h. Si aquest horari no vos an\u00e0s b\u00e9 podeu concertar una cita i ens adaptarem al vostre horari. secretaria@fetrib.com tlf: 647 79 39 48 \u00a0La Seu Social est\u00e0 ubicada a&hellip;","_links":{"self":[{"href":"https:\/\/fetrib.com\/web\/wp-json\/wp\/v2\/posts\/457","targetHints":{"allow":["GET"]}}],"collection":[{"href":"https:\/\/fetrib.com\/web\/wp-json\/wp\/v2\/posts"}],"about":[{"href":"https:\/\/fetrib.com\/web\/wp-json\/wp\/v2\/types\/post"}],"author":[{"embeddable":true,"href":"https:\/\/fetrib.com\/web\/wp-json\/wp\/v2\/users\/1"}],"replies":[{"embeddable":true,"href":"https:\/\/fetrib.com\/web\/wp-json\/wp\/v2\/comments?post=457"}],"version-history":[{"count":0,"href":"https:\/\/fetrib.com\/web\/wp-json\/wp\/v2\/posts\/457\/revisions"}],"wp:attachment":[{"href":"https:\/\/fetrib.com\/web\/wp-json\/wp\/v2\/media?parent=457"}],"wp:term":[{"taxonomy":"category","embeddable":true,"href":"https:\/\/fetrib.com\/web\/wp-json\/wp\/v2\/categories?post=457"},{"taxonomy":"post_tag","embeddable":true,"href":"https:\/\/fetrib.com\/web\/wp-json\/wp\/v2\/tags?post=457"}],"curies":[{"name":"wp","href":"https:\/\/api.w.org\/{rel}","templated":true}]}}