{"id":460,"date":"2014-05-27T16:37:38","date_gmt":"2014-05-27T16:37:38","guid":{"rendered":"http:\/\/www.fetrib.com\/web2018\/news\/latest-news\/doblete-historico-para-el-triatlon-balear-con-xisca-tous-y-lucas-mola-como-abanderados\/"},"modified":"2014-05-27T16:37:38","modified_gmt":"2014-05-27T16:37:38","slug":"doblete-historico-para-el-triatlon-balear-con-xisca-tous-y-lucas-mola-como-abanderados","status":"publish","type":"post","link":"https:\/\/fetrib.com\/web\/2014\/05\/27\/doblete-historico-para-el-triatlon-balear-con-xisca-tous-y-lucas-mola-como-abanderados\/","title":{"rendered":"Doblete hist\u00f3rico para el Triatl\u00f3n Balear con Xisca Tous y Lucas Mola como abanderados."},"content":{"rendered":"<p class=\"MsoNormal\"><img decoding=\"async\" src=\"images\/eventlist\/podium.jpg\" border=\"0\" alt=\"\" width=\"75%\" style=\"display: block; margin-left: auto; margin-right: auto;\" \/><\/p>\n<p class=\"MsoNormal\">Durante el pasado Campeonato de Espa\u00f1a de Triatl\u00f3n Sprint Lucas Mola se hizo con la medalla de Bronce absoluto y 2\u00ba sub 23, mientras que Xisca Tous se subi\u00f3 al 3\u00ba escal\u00f3n del p\u00f3dium sub-23. La jornada siguiente se disput\u00f3 el Campeonato de Espa\u00f1a de Aquatl\u00f3n donde nuestra representaci\u00f3n Balear hizo historia compartiendo p\u00f3dium general con una medalla de plata para Lucas y una de bronce para Xisca en la categor\u00eda absoluta.<\/p>\n<p>Otros resultados a destacar fueron la medalla de plata en categor\u00eda paraol\u00edmpica parra Alejandro Sanchez, Irene Company con un doblete y Biel Forteza plata en grupos de edad, mientras por equips el Xtrem Calvia se llev\u00f3 el bronce por equipos juniors. Destacar por otro lado la gran representaci\u00f3n balear en las categor\u00edas \u00a0cadetes y juniors con m\u00e1s de una veintena de participantes<\/p>\n","protected":false},"excerpt":{"rendered":"<p>Durante el pasado Campeonato de Espa\u00f1a de Triatl\u00f3n Sprint Lucas Mola se hizo con la medalla de Bronce absoluto y 2\u00ba sub 23, mientras que Xisca Tous se subi\u00f3 al 3\u00ba escal\u00f3n del p\u00f3dium sub-23. La jornada siguiente se disput\u00f3 el Campeonato de Espa\u00f1a de Aquatl\u00f3n donde nuestra representaci\u00f3n Balear hizo historia compartiendo p\u00f3dium general &#8230;<\/p>\n","protected":false},"author":1,"featured_media":0,"comment_status":"open","ping_status":"open","sticky":false,"template":"","format":"standard","meta":{"_uag_custom_page_level_css":"","footnotes":""},"categories":[37],"tags":[],"class_list":["post-460","post","type-post","status-publish","format-standard","hentry","category-latest-news"],"uagb_featured_image_src":{"full":false,"thumbnail":false,"medium":false,"medium_large":false,"large":false,"1536x1536":false,"2048x2048":false,"tie-small":false,"tie-large":false,"slider":false},"uagb_author_info":{"display_name":"admin","author_link":"https:\/\/fetrib.com\/web\/author\/admin\/"},"uagb_comment_info":0,"uagb_excerpt":"Durante el pasado Campeonato de Espa\u00f1a de Triatl\u00f3n Sprint Lucas Mola se hizo con la medalla de Bronce absoluto y 2\u00ba sub 23, mientras que Xisca Tous se subi\u00f3 al 3\u00ba escal\u00f3n del p\u00f3dium sub-23. La jornada siguiente se disput\u00f3 el Campeonato de Espa\u00f1a de Aquatl\u00f3n donde nuestra representaci\u00f3n Balear hizo historia compartiendo p\u00f3dium general&hellip;","_links":{"self":[{"href":"https:\/\/fetrib.com\/web\/wp-json\/wp\/v2\/posts\/460","targetHints":{"allow":["GET"]}}],"collection":[{"href":"https:\/\/fetrib.com\/web\/wp-json\/wp\/v2\/posts"}],"about":[{"href":"https:\/\/fetrib.com\/web\/wp-json\/wp\/v2\/types\/post"}],"author":[{"embeddable":true,"href":"https:\/\/fetrib.com\/web\/wp-json\/wp\/v2\/users\/1"}],"replies":[{"embeddable":true,"href":"https:\/\/fetrib.com\/web\/wp-json\/wp\/v2\/comments?post=460"}],"version-history":[{"count":0,"href":"https:\/\/fetrib.com\/web\/wp-json\/wp\/v2\/posts\/460\/revisions"}],"wp:attachment":[{"href":"https:\/\/fetrib.com\/web\/wp-json\/wp\/v2\/media?parent=460"}],"wp:term":[{"taxonomy":"category","embeddable":true,"href":"https:\/\/fetrib.com\/web\/wp-json\/wp\/v2\/categories?post=460"},{"taxonomy":"post_tag","embeddable":true,"href":"https:\/\/fetrib.com\/web\/wp-json\/wp\/v2\/tags?post=460"}],"curies":[{"name":"wp","href":"https:\/\/api.w.org\/{rel}","templated":true}]}}