{"id":461,"date":"2015-04-29T14:46:00","date_gmt":"2015-04-29T14:46:00","guid":{"rendered":"http:\/\/www.fetrib.com\/web2018\/escolar-base\/criteris-de-seleccio-per-a-la-disputa-del-campionat-d-espanya-escolar-2015-categoria-cadet\/"},"modified":"2018-05-21T11:52:12","modified_gmt":"2018-05-21T11:52:12","slug":"criteris-de-seleccio-per-a-la-disputa-del-campionat-d-espanya-escolar-2015-categoria-cadet","status":"publish","type":"post","link":"https:\/\/fetrib.com\/web\/2015\/04\/29\/criteris-de-seleccio-per-a-la-disputa-del-campionat-d-espanya-escolar-2015-categoria-cadet\/","title":{"rendered":"Criteris de selecci\u00f3 pel Campionat d\u2019Espanya Escolar 2015 categoria cadet"},"content":{"rendered":"<p class=\"MsoNormal\"><span style=\"font-size: 10.0pt; line-height: 115%; font-family: 'Times New Roman'; mso-fareast-font-family: 'Times New Roman'; mso-bidi-font-family: 'Times New Roman'; border: none windowtext 1.0pt; mso-border-alt: none windowtext 0cm; padding: 0cm; mso-ansi-language: CA; mso-fareast-language: ES;\" lang=\"CA\">El 27 i 28 de Juny es celebrar\u00e0 a la localitat d&#8217;Aguilas el Campionat d\u2019Espanya Escolar 2015 per comunitats aut\u00f2nomes en categoria cadet.<\/span><\/p>\n<p class=\"MsoNormal\" style=\"margin-top: 11.25pt; margin-right: 0cm; margin-bottom: 11.25pt; margin-left: 0cm; line-height: 13.5pt; background: white;\"><span style=\"font-size: 10.0pt; font-family: 'Times New Roman'; mso-fareast-font-family: 'Times New Roman'; mso-bidi-font-family: 'Times New Roman'; mso-ansi-language: CA; mso-fareast-language: ES;\" lang=\"CA\">La Federaci\u00f3 de Triatl\u00f3 de les Illes Balears estar\u00e0 representada per esportistes federats en categoria cadet que competiran en 2 jornades de competici\u00f3.<\/span><\/p>\n<p class=\"MsoNormal\" style=\"margin-bottom: 3.75pt; line-height: 14.25pt; background: white;\"><span style=\"font-size: 10.0pt; font-family: 'Times New Roman'; mso-fareast-font-family: 'Times New Roman'; mso-bidi-font-family: 'Times New Roman'; mso-ansi-language: CA; mso-fareast-language: ES;\" lang=\"CA\">La FETRIB y el CSD assumiran des despeses de despla\u00e7ament, allotjament i dietes.<\/span><\/p>\n<p class=\"MsoNormal\" style=\"margin-top: 11.25pt; margin-right: 0cm; margin-bottom: 11.25pt; margin-left: 0cm; line-height: 13.5pt; background: white;\"><span style=\"font-size: 10.0pt; font-family: 'Times New Roman'; mso-fareast-font-family: 'Times New Roman'; mso-bidi-font-family: 'Times New Roman'; mso-ansi-language: CA; mso-fareast-language: ES;\" lang=\"CA\">Els criteris establerts per a ser seleccionat\/da en representaci\u00f3 de la selecci\u00f3 auton\u00f2mica de les Illes Balears son els seg\u00fcents:<\/span><\/p>\n<p class=\"MsoNormal\" style=\"margin-top: 11.25pt; margin-right: 0cm; margin-bottom: 11.25pt; margin-left: 0cm; line-height: 13.5pt; background: white;\"><span style=\"font-size: 10.0pt; font-family: 'Times New Roman'; mso-fareast-font-family: 'Times New Roman'; mso-bidi-font-family: 'Times New Roman'; mso-ansi-language: CA; mso-fareast-language: ES;\" lang=\"CA\">Obtenen pla\u00e7a de forma directe:<\/span><\/p>\n<ul>\n<li><span style=\"font-size: 10.0pt; font-family: Symbol; mso-fareast-font-family: Symbol; mso-bidi-font-family: Symbol; mso-ansi-language: CA; mso-fareast-language: ES;\" lang=\"CA\"><span style=\"mso-list: Ignore;\"><span style=\"font: 7.0pt 'Times New Roman';\">\u00a0\u00a0\u00a0\u00a0\u00a0\u00a0 <\/span><\/span><\/span><span style=\"font-size: 10.0pt; font-family: 'Times New Roman'; mso-fareast-font-family: 'Times New Roman'; mso-bidi-font-family: 'Times New Roman'; mso-ansi-language: CA; mso-fareast-language: ES;\" lang=\"CA\">Primer\/a cadet del Triatl\u00f3 Ciutat de Palma del dissabte 30\/05.<\/span><\/li>\n<li>\u00a0\u00a0\u00a0 <span style=\"font-size: 10.0pt; font-family: 'Times New Roman'; mso-fareast-font-family: 'Times New Roman'; mso-bidi-font-family: 'Times New Roman'; mso-ansi-language: CA; mso-fareast-language: ES;\" lang=\"CA\">Primer\/a i segon\/a cadet del Triatl\u00f3 Ciutat de Palma del diumenge 31\/05.<\/span><\/li>\n<li><span style=\"font-size: 10.0pt; font-family: Symbol; mso-fareast-font-family: Symbol; mso-bidi-font-family: Symbol; mso-ansi-language: CA; mso-fareast-language: ES;\" lang=\"CA\"><span style=\"mso-list: Ignore;\"><span style=\"font: 7.0pt 'Times New Roman';\">\u00a0\u00a0\u00a0\u00a0\u00a0\u00a0 <\/span><\/span><\/span><span style=\"font-size: 10.0pt; font-family: 'Times New Roman'; mso-fareast-font-family: 'Times New Roman'; mso-bidi-font-family: 'Times New Roman'; mso-ansi-language: CA; mso-fareast-language: ES;\" lang=\"CA\">Primer\/a cadet del Triatl\u00f3 Sprint d&#8217;Es Castell 07\/06.<\/span><\/li>\n<\/ul>\n<p class=\"MsoNormal\" style=\"margin-bottom: 3.75pt; line-height: 14.25pt; background: white;\"><span style=\"font-size: 10.0pt; font-family: 'Times New Roman'; mso-fareast-font-family: 'Times New Roman'; mso-bidi-font-family: 'Times New Roman'; mso-ansi-language: CA; mso-fareast-language: ES;\" lang=\"CA\">Si algun esportista ocupa dues places, aquesta no passar\u00e0 al seg\u00fcent en la classificaci\u00f3, si no que ser\u00e0 atorgada a criteri t\u00e8cnic per la FETRIB.<\/span><\/p>\n","protected":false},"excerpt":{"rendered":"<p>El 27 i 28 de Juny es celebrar\u00e0 a la localitat d&#8217;Aguilas el Campionat d\u2019Espanya Escolar 2015 per comunitats aut\u00f2nomes en categoria cadet. La Federaci\u00f3 de Triatl\u00f3 de les Illes Balears estar\u00e0 representada per esportistes federats en categoria cadet que competiran en 2 jornades de competici\u00f3. La FETRIB y el CSD assumiran des despeses de &#8230;<\/p>\n","protected":false},"author":1,"featured_media":0,"comment_status":"open","ping_status":"open","sticky":false,"template":"","format":"standard","meta":{"_uag_custom_page_level_css":"","footnotes":""},"categories":[62,29],"tags":[],"class_list":["post-461","post","type-post","status-publish","format-standard","hentry","category-criteris-seleccio","category-escolar-base"],"uagb_featured_image_src":{"full":false,"thumbnail":false,"medium":false,"medium_large":false,"large":false,"1536x1536":false,"2048x2048":false,"tie-small":false,"tie-large":false,"slider":false},"uagb_author_info":{"display_name":"admin","author_link":"https:\/\/fetrib.com\/web\/author\/admin\/"},"uagb_comment_info":0,"uagb_excerpt":"El 27 i 28 de Juny es celebrar\u00e0 a la localitat d&#8217;Aguilas el Campionat d\u2019Espanya Escolar 2015 per comunitats aut\u00f2nomes en categoria cadet. La Federaci\u00f3 de Triatl\u00f3 de les Illes Balears estar\u00e0 representada per esportistes federats en categoria cadet que competiran en 2 jornades de competici\u00f3. La FETRIB y el CSD assumiran des despeses de&hellip;","_links":{"self":[{"href":"https:\/\/fetrib.com\/web\/wp-json\/wp\/v2\/posts\/461","targetHints":{"allow":["GET"]}}],"collection":[{"href":"https:\/\/fetrib.com\/web\/wp-json\/wp\/v2\/posts"}],"about":[{"href":"https:\/\/fetrib.com\/web\/wp-json\/wp\/v2\/types\/post"}],"author":[{"embeddable":true,"href":"https:\/\/fetrib.com\/web\/wp-json\/wp\/v2\/users\/1"}],"replies":[{"embeddable":true,"href":"https:\/\/fetrib.com\/web\/wp-json\/wp\/v2\/comments?post=461"}],"version-history":[{"count":1,"href":"https:\/\/fetrib.com\/web\/wp-json\/wp\/v2\/posts\/461\/revisions"}],"predecessor-version":[{"id":1766,"href":"https:\/\/fetrib.com\/web\/wp-json\/wp\/v2\/posts\/461\/revisions\/1766"}],"wp:attachment":[{"href":"https:\/\/fetrib.com\/web\/wp-json\/wp\/v2\/media?parent=461"}],"wp:term":[{"taxonomy":"category","embeddable":true,"href":"https:\/\/fetrib.com\/web\/wp-json\/wp\/v2\/categories?post=461"},{"taxonomy":"post_tag","embeddable":true,"href":"https:\/\/fetrib.com\/web\/wp-json\/wp\/v2\/tags?post=461"}],"curies":[{"name":"wp","href":"https:\/\/api.w.org\/{rel}","templated":true}]}}