{"id":468,"date":"2014-06-20T11:23:24","date_gmt":"2014-06-20T11:23:24","guid":{"rendered":"http:\/\/www.fetrib.com\/web2018\/news\/latest-news\/convocatoria-campionat-triatlo-escolar\/"},"modified":"2014-06-20T11:23:24","modified_gmt":"2014-06-20T11:23:24","slug":"convocatoria-campionat-triatlo-escolar","status":"publish","type":"post","link":"https:\/\/fetrib.com\/web\/2014\/06\/20\/convocatoria-campionat-triatlo-escolar\/","title":{"rendered":"Convocatoria Campionat de Triatl\u00f3 Escolar"},"content":{"rendered":"<p>Els seleccionats per participar en el Campionat de Triatl\u00f3 Escolar s\u00f3n:<\/p>\n<ul>\n<li>Laia Riudavets\u00a0 Alaior Sport<\/li>\n<li>Cristina Tortella\u00a0 Duet-Tri&amp;Bikes<\/li>\n<li>Ana Soler\u00a0 Triatl\u00f3 Xtrem Calvi\u00e0<\/li>\n<li>Georgina Griffin\u00a0 Triatl\u00f3 Xtrem Calvi\u00e0<\/li>\n<\/ul>\n<ul>\n<li>Manuel Garcia\u00a0 Duet-Tri&amp;Bikes<\/li>\n<li>Oscar Santos\u00a0 G.E. Espalmador<\/li>\n<li>Carlos Oliver\u00a0 M3T Bimont-3G<\/li>\n<\/ul>\n<p>La prova es disputar\u00e0 els propers 28 i 29 de juny a Allariz, Ourense.<\/p>\n<p>Es realitzaran un triatl\u00f3 individual dissabte i un relleu mixte diumenge.<\/p>\n","protected":false},"excerpt":{"rendered":"<p>Els seleccionats per participar en el Campionat de Triatl\u00f3 Escolar s\u00f3n: Laia Riudavets\u00a0 Alaior Sport Cristina Tortella\u00a0 Duet-Tri&amp;Bikes Ana Soler\u00a0 Triatl\u00f3 Xtrem Calvi\u00e0 Georgina Griffin\u00a0 Triatl\u00f3 Xtrem Calvi\u00e0 Manuel Garcia\u00a0 Duet-Tri&amp;Bikes Oscar Santos\u00a0 G.E. Espalmador Carlos Oliver\u00a0 M3T Bimont-3G La prova es disputar\u00e0 els propers 28 i 29 de juny a Allariz, Ourense. Es realitzaran &#8230;<\/p>\n","protected":false},"author":1,"featured_media":0,"comment_status":"open","ping_status":"open","sticky":false,"template":"","format":"standard","meta":{"_uag_custom_page_level_css":"","footnotes":""},"categories":[37],"tags":[],"class_list":["post-468","post","type-post","status-publish","format-standard","hentry","category-latest-news"],"uagb_featured_image_src":{"full":false,"thumbnail":false,"medium":false,"medium_large":false,"large":false,"1536x1536":false,"2048x2048":false,"tie-small":false,"tie-large":false,"slider":false},"uagb_author_info":{"display_name":"admin","author_link":"https:\/\/fetrib.com\/web\/author\/admin\/"},"uagb_comment_info":0,"uagb_excerpt":"Els seleccionats per participar en el Campionat de Triatl\u00f3 Escolar s\u00f3n: Laia Riudavets\u00a0 Alaior Sport Cristina Tortella\u00a0 Duet-Tri&amp;Bikes Ana Soler\u00a0 Triatl\u00f3 Xtrem Calvi\u00e0 Georgina Griffin\u00a0 Triatl\u00f3 Xtrem Calvi\u00e0 Manuel Garcia\u00a0 Duet-Tri&amp;Bikes Oscar Santos\u00a0 G.E. Espalmador Carlos Oliver\u00a0 M3T Bimont-3G La prova es disputar\u00e0 els propers 28 i 29 de juny a Allariz, Ourense. Es realitzaran&hellip;","_links":{"self":[{"href":"https:\/\/fetrib.com\/web\/wp-json\/wp\/v2\/posts\/468","targetHints":{"allow":["GET"]}}],"collection":[{"href":"https:\/\/fetrib.com\/web\/wp-json\/wp\/v2\/posts"}],"about":[{"href":"https:\/\/fetrib.com\/web\/wp-json\/wp\/v2\/types\/post"}],"author":[{"embeddable":true,"href":"https:\/\/fetrib.com\/web\/wp-json\/wp\/v2\/users\/1"}],"replies":[{"embeddable":true,"href":"https:\/\/fetrib.com\/web\/wp-json\/wp\/v2\/comments?post=468"}],"version-history":[{"count":0,"href":"https:\/\/fetrib.com\/web\/wp-json\/wp\/v2\/posts\/468\/revisions"}],"wp:attachment":[{"href":"https:\/\/fetrib.com\/web\/wp-json\/wp\/v2\/media?parent=468"}],"wp:term":[{"taxonomy":"category","embeddable":true,"href":"https:\/\/fetrib.com\/web\/wp-json\/wp\/v2\/categories?post=468"},{"taxonomy":"post_tag","embeddable":true,"href":"https:\/\/fetrib.com\/web\/wp-json\/wp\/v2\/tags?post=468"}],"curies":[{"name":"wp","href":"https:\/\/api.w.org\/{rel}","templated":true}]}}