{"id":471,"date":"2014-06-30T06:47:30","date_gmt":"2014-06-30T06:47:30","guid":{"rendered":"http:\/\/www.fetrib.com\/web2018\/news\/latest-news\/campeonato-de-espana-de-triatlon-por-comunidades-autonomas\/"},"modified":"2014-06-30T06:47:30","modified_gmt":"2014-06-30T06:47:30","slug":"campeonato-de-espana-de-triatlon-por-comunidades-autonomas","status":"publish","type":"post","link":"https:\/\/fetrib.com\/web\/2014\/06\/30\/campeonato-de-espana-de-triatlon-por-comunidades-autonomas\/","title":{"rendered":"Campeonato de Espa\u00f1a de Triatl\u00f3n por Comunidades Aut\u00f3nomas"},"content":{"rendered":"<p style=\"text-align: center;\"><img decoding=\"async\" src=\"images\/eventlist\/2014-06-29 21.32.45.jpg\" border=\"0\" alt=\"\" width=\"75%\" \/><\/p>\n<p style=\"text-align: justify;\">Durante el pasado fin de semana se disput\u00f3 el campeonato de Espa\u00f1a de Triatl\u00f3n por comunidades aut\u00f3nomas en la localidad catellonense de Navajas.<\/p>\n<p>  <!--more-->  <\/p>\n<p style=\"text-align: justify;\">\u00a0<\/p>\n<div>La selecci\u00f3n Balear de triatl\u00f3n formada por; Juanan Fernandez,Paco Ruiz,Toni Llull,Rodrigo Chaves, Cristian Moriana y Nil Riudavets en el equipo masculino y Michelle Flipo y Carol Sitjes en el Femenino.<\/div>\n<div>Las primeras pruebas individuales empezaron de la mejor manera posible&#8230;con la victoria en la general de Flipo cruzando la l\u00ednea de meta con la bandera balear en alto, poco despu\u00e9s cruz\u00f3 la meta Sitjes con un excelente resultado en su debut nacional.<\/div>\n<div>En la prueba masculina,se pagaba caro estar en puestos cabezeros pero el mallorqu\u00edn Chaves ocup\u00f3 esos puestos de privilegio desde la nataci\u00f3n hasta bien medido el sector ciclista,posteriormente en una exibici\u00f3n de ciclismo fue adelantado por Moriana que cruz\u00f3 la meta como mejor balear por delante de Fernandez,Chaves, Riudavets y Ruiz,todos ellos en puestos top 50, mientras Llull tuvo q abandonar por una ca\u00edda sin consecuencias grabes.<\/div>\n<div>El gran resultado balear lleg\u00f3 con la prueba por equipos de relevos,pese a no contar entre los favoritos,el equipo de Les Illes Balears finaliz\u00f3 4\u00b0 por delante de autonom\u00edas potencialmente m\u00e1s fuertes y con opciones de medalla hasta \u00faltimo momento escapanadose por 15segundos.<\/div>\n<div>La Federaci\u00f3n Triatl\u00f3 de les Illes Balears se muestra satisfecho con el resultado general y matiene el pulso por seguir trabajando por estar en lo m\u00e1s alto del panorama nacional<\/div>\n","protected":false},"excerpt":{"rendered":"<p>Durante el pasado fin de semana se disput\u00f3 el campeonato de Espa\u00f1a de Triatl\u00f3n por comunidades aut\u00f3nomas en la localidad catellonense de Navajas.<\/p>\n","protected":false},"author":1,"featured_media":0,"comment_status":"open","ping_status":"open","sticky":false,"template":"","format":"standard","meta":{"_uag_custom_page_level_css":"","footnotes":""},"categories":[37],"tags":[],"class_list":["post-471","post","type-post","status-publish","format-standard","hentry","category-latest-news"],"uagb_featured_image_src":{"full":false,"thumbnail":false,"medium":false,"medium_large":false,"large":false,"1536x1536":false,"2048x2048":false,"tie-small":false,"tie-large":false,"slider":false},"uagb_author_info":{"display_name":"admin","author_link":"https:\/\/fetrib.com\/web\/author\/admin\/"},"uagb_comment_info":0,"uagb_excerpt":"Durante el pasado fin de semana se disput\u00f3 el campeonato de Espa\u00f1a de Triatl\u00f3n por comunidades aut\u00f3nomas en la localidad catellonense de Navajas.","_links":{"self":[{"href":"https:\/\/fetrib.com\/web\/wp-json\/wp\/v2\/posts\/471","targetHints":{"allow":["GET"]}}],"collection":[{"href":"https:\/\/fetrib.com\/web\/wp-json\/wp\/v2\/posts"}],"about":[{"href":"https:\/\/fetrib.com\/web\/wp-json\/wp\/v2\/types\/post"}],"author":[{"embeddable":true,"href":"https:\/\/fetrib.com\/web\/wp-json\/wp\/v2\/users\/1"}],"replies":[{"embeddable":true,"href":"https:\/\/fetrib.com\/web\/wp-json\/wp\/v2\/comments?post=471"}],"version-history":[{"count":0,"href":"https:\/\/fetrib.com\/web\/wp-json\/wp\/v2\/posts\/471\/revisions"}],"wp:attachment":[{"href":"https:\/\/fetrib.com\/web\/wp-json\/wp\/v2\/media?parent=471"}],"wp:term":[{"taxonomy":"category","embeddable":true,"href":"https:\/\/fetrib.com\/web\/wp-json\/wp\/v2\/categories?post=471"},{"taxonomy":"post_tag","embeddable":true,"href":"https:\/\/fetrib.com\/web\/wp-json\/wp\/v2\/tags?post=471"}],"curies":[{"name":"wp","href":"https:\/\/api.w.org\/{rel}","templated":true}]}}