{"id":472,"date":"2014-07-01T07:23:24","date_gmt":"2014-07-01T07:23:24","guid":{"rendered":"http:\/\/www.fetrib.com\/web2018\/news\/latest-news\/seleccion-balear-de-triatlon-escolar\/"},"modified":"2014-07-01T07:23:24","modified_gmt":"2014-07-01T07:23:24","slug":"seleccion-balear-de-triatlon-escolar","status":"publish","type":"post","link":"https:\/\/fetrib.com\/web\/2014\/07\/01\/seleccion-balear-de-triatlon-escolar\/","title":{"rendered":"Selecci\u00f3n Balear de triatl\u00f3n ESCOLAR"},"content":{"rendered":"<p><img decoding=\"async\" src=\"images\/2014-06-30 05.34.29.jpg\" border=\"0\" alt=\"\" width=\"75%\" style=\"display: block; margin-left: auto; margin-right: auto;\" \/><\/p>\n<p>La coincidencia quiso que el mismo fin de semana que se disputaba el Campeonato de Espa\u00f1a de Triatlon por autonom\u00edas en categor\u00eda absoluta en Navajas,tambi\u00e9n se disputara el Campeonato de Espa\u00f1a de Escolar,edades entre 15 y17 a\u00f1os,esta vez en la localidad de Allaritz en Ourense (Galicia) donde se deplaz\u00f3 la expedici\u00f3n Balear formada por Carlos Oliver,Manu Garc\u00eda,Oscar Santos,Aritz Rodriguez, Cris Tortella,Ana Soler,Giorgina Griffin y Laia Riudavets, una participaci\u00f3n historica teniendo en cuenta por primera vez existe al menos un representante de cada una de las Islas principales de Baleares (Mallorca,Menorca,Ibiza y Formentera).<\/p>\n<p>  <!--more-->  <\/p>\n<p>\u00a0<\/p>\n<div>Los t\u00edtulos de Campeones de de Espa\u00f1a Escolar se dividen en dos jornadas con 2 pruebas diferentes que suman puntos para la clasificacion general. La primera jornada fue para las pruebas individuales tanto masculina como femenina,con Garc\u00eda y Tortella como mejores clasificados. La siguiente jornada fue para la prueba de relevos mixtos donde Baleares particip\u00f3 con dos equipos, uno A y otro B, culminando as\u00ed una participaci\u00f3n m\u00e1s que destacada de nuestra seleccio \u00a0escolar. <\/p>\n<div>\u00a0<\/div>\n<\/p><\/div>\n","protected":false},"excerpt":{"rendered":"<p>La coincidencia quiso que el mismo fin de semana que se disputaba el Campeonato de Espa\u00f1a de Triatlon por autonom\u00edas en categor\u00eda absoluta en Navajas,tambi\u00e9n se disputara el Campeonato de Espa\u00f1a de Escolar,edades entre 15 y17 a\u00f1os,esta vez en la localidad de Allaritz en Ourense (Galicia) donde se deplaz\u00f3 la expedici\u00f3n Balear formada por Carlos &#8230;<\/p>\n","protected":false},"author":1,"featured_media":0,"comment_status":"open","ping_status":"open","sticky":false,"template":"","format":"standard","meta":{"_uag_custom_page_level_css":"","footnotes":""},"categories":[37],"tags":[],"class_list":["post-472","post","type-post","status-publish","format-standard","hentry","category-latest-news"],"uagb_featured_image_src":{"full":false,"thumbnail":false,"medium":false,"medium_large":false,"large":false,"1536x1536":false,"2048x2048":false,"tie-small":false,"tie-large":false,"slider":false},"uagb_author_info":{"display_name":"admin","author_link":"https:\/\/fetrib.com\/web\/author\/admin\/"},"uagb_comment_info":0,"uagb_excerpt":"La coincidencia quiso que el mismo fin de semana que se disputaba el Campeonato de Espa\u00f1a de Triatlon por autonom\u00edas en categor\u00eda absoluta en Navajas,tambi\u00e9n se disputara el Campeonato de Espa\u00f1a de Escolar,edades entre 15 y17 a\u00f1os,esta vez en la localidad de Allaritz en Ourense (Galicia) donde se deplaz\u00f3 la expedici\u00f3n Balear formada por Carlos&hellip;","_links":{"self":[{"href":"https:\/\/fetrib.com\/web\/wp-json\/wp\/v2\/posts\/472","targetHints":{"allow":["GET"]}}],"collection":[{"href":"https:\/\/fetrib.com\/web\/wp-json\/wp\/v2\/posts"}],"about":[{"href":"https:\/\/fetrib.com\/web\/wp-json\/wp\/v2\/types\/post"}],"author":[{"embeddable":true,"href":"https:\/\/fetrib.com\/web\/wp-json\/wp\/v2\/users\/1"}],"replies":[{"embeddable":true,"href":"https:\/\/fetrib.com\/web\/wp-json\/wp\/v2\/comments?post=472"}],"version-history":[{"count":0,"href":"https:\/\/fetrib.com\/web\/wp-json\/wp\/v2\/posts\/472\/revisions"}],"wp:attachment":[{"href":"https:\/\/fetrib.com\/web\/wp-json\/wp\/v2\/media?parent=472"}],"wp:term":[{"taxonomy":"category","embeddable":true,"href":"https:\/\/fetrib.com\/web\/wp-json\/wp\/v2\/categories?post=472"},{"taxonomy":"post_tag","embeddable":true,"href":"https:\/\/fetrib.com\/web\/wp-json\/wp\/v2\/tags?post=472"}],"curies":[{"name":"wp","href":"https:\/\/api.w.org\/{rel}","templated":true}]}}