{"id":486,"date":"2014-07-30T12:35:59","date_gmt":"2014-07-30T12:35:59","guid":{"rendered":"http:\/\/www.fetrib.com\/web2018\/secretaria\/circulares\/convocatoria-d-una-placa-de-d-t-per-a-l-escola-balear-de-l-esport-de-triatlo\/"},"modified":"2014-07-30T12:35:59","modified_gmt":"2014-07-30T12:35:59","slug":"convocatoria-d-una-placa-de-d-t-per-a-l-escola-balear-de-l-esport-de-triatlo","status":"publish","type":"post","link":"https:\/\/fetrib.com\/web\/2014\/07\/30\/convocatoria-d-una-placa-de-d-t-per-a-l-escola-balear-de-l-esport-de-triatlo\/","title":{"rendered":"Convocat\u00f2ria d&#8217;una pla\u00e7a de D.T. per a l&#8217;Escola Balear de l&#8217;Esport de Triatl\u00f3"},"content":{"rendered":"<p class=\"MsoBodyText\"><span lang=\"ES\">La FETRIB obre una convocat\u00f2ria per la provisi\u00f3 d&#8217;una pla\u00e7a de DIRECTOR T\u00c8CNIC PER A LA ESCOLA BALEAR ESPORT (EBE) DE TRIATL\u00d3, mitjan\u00e7ant contractaci\u00f3 Mercantil i per serveis Externs, per una durada fins el 31 de juliol de 2016, any ol\u00edmpic i d&#8217;eleccions a la FETRIB, renovables, i segons el que estableixi el Conveni-Programa amb la FUNDACI\u00d3 PER L\u2019ESPORT BALEAR de la Conselleria d\u2019Esport i Turisme del Govern Balear, vacant en la subcontractaci\u00f3 de serveis, pel procediment de selecci\u00f3 del contracte de serveis de la Federaci\u00f3 de Triatl\u00f3 dels Illes Balears.<\/span><\/p>\n<p>  <!--more-->  <\/p>\n<p class=\"MsoBodyText\"><span lang=\"ES\">Funcions de la Categoria: <\/span><\/p>\n<p class=\"MsoBodyText\"><span lang=\"ES\">Ser\u00e0 el responsable d&#8217;impartir els entrenaments als Triatletes EBE <\/span><\/p>\n<ul>\n<li><span style=\"mso-list: Ignore;\" lang=\"ES\">Realitzar, planificar, desenvolupar, programar i dirigir les sessions atenent als objectius dels triatletes tals com campionats d\u2019 Espanya, auton\u00f2mics, etc..<\/span><\/li>\n<\/ul>\n<ul>\n<li><span style=\"mso-list: Ignore;\" lang=\"ES\">Prevenir i resoldre possibles problemes relacionats amb la pr\u00e0ctica de la disciplina. <\/span><\/li>\n<\/ul>\n<ul>\n<li><span style=\"mso-list: Ignore;\" lang=\"ES\">Participar com a t\u00e8cnic en campionats nacionals, auton\u00f2mics, etc.. <\/span><\/li>\n<\/ul>\n<ul>\n<li><span style=\"mso-list: Ignore;\" lang=\"ES\">Coordinaci\u00f3 amb la FETRIB la planificaci\u00f3 de competicions de la temporada de cada esportista. Registre de seguiment de les evolucions dels triatletes. <\/span><\/li>\n<\/ul>\n<p><span style=\"mso-list: Ignore;\" lang=\"ES\">\u00a0<\/span><\/p>\n<p><span style=\"mso-list: Ignore;\" lang=\"ES\"><a href=\"http:\/\/fetrib.com\/web\/wp-content\/uploads\/2014\/07\/Convocatoria-tecnic-ebe.pdf\">Bases de la convocat\u00f2ria<\/a><br \/><\/span><\/p>\n<p><span style=\"mso-list: Ignore;\" lang=\"ES\"><a href=\"http:\/\/fetrib.com\/web\/wp-content\/uploads\/2014\/07\/instancia-tecnic-ebe.pdf\">Inst\u00e0ncia<\/a><br \/><\/span><\/p>\n<p>\u00a0<\/p>\n","protected":false},"excerpt":{"rendered":"<p>La FETRIB obre una convocat\u00f2ria per la provisi\u00f3 d&#8217;una pla\u00e7a de DIRECTOR T\u00c8CNIC PER A LA ESCOLA BALEAR ESPORT (EBE) DE TRIATL\u00d3, mitjan\u00e7ant contractaci\u00f3 Mercantil i per serveis Externs, per una durada fins el 31 de juliol de 2016, any ol\u00edmpic i d&#8217;eleccions a la FETRIB, renovables, i segons el que estableixi el Conveni-Programa amb &#8230;<\/p>\n","protected":false},"author":1,"featured_media":0,"comment_status":"open","ping_status":"open","sticky":false,"template":"","format":"standard","meta":{"_uag_custom_page_level_css":"","footnotes":""},"categories":[48],"tags":[],"class_list":["post-486","post","type-post","status-publish","format-standard","hentry","category-circulares"],"uagb_featured_image_src":{"full":false,"thumbnail":false,"medium":false,"medium_large":false,"large":false,"1536x1536":false,"2048x2048":false,"tie-small":false,"tie-large":false,"slider":false},"uagb_author_info":{"display_name":"admin","author_link":"https:\/\/fetrib.com\/web\/author\/admin\/"},"uagb_comment_info":0,"uagb_excerpt":"La FETRIB obre una convocat\u00f2ria per la provisi\u00f3 d&#8217;una pla\u00e7a de DIRECTOR T\u00c8CNIC PER A LA ESCOLA BALEAR ESPORT (EBE) DE TRIATL\u00d3, mitjan\u00e7ant contractaci\u00f3 Mercantil i per serveis Externs, per una durada fins el 31 de juliol de 2016, any ol\u00edmpic i d&#8217;eleccions a la FETRIB, renovables, i segons el que estableixi el Conveni-Programa amb&hellip;","_links":{"self":[{"href":"https:\/\/fetrib.com\/web\/wp-json\/wp\/v2\/posts\/486","targetHints":{"allow":["GET"]}}],"collection":[{"href":"https:\/\/fetrib.com\/web\/wp-json\/wp\/v2\/posts"}],"about":[{"href":"https:\/\/fetrib.com\/web\/wp-json\/wp\/v2\/types\/post"}],"author":[{"embeddable":true,"href":"https:\/\/fetrib.com\/web\/wp-json\/wp\/v2\/users\/1"}],"replies":[{"embeddable":true,"href":"https:\/\/fetrib.com\/web\/wp-json\/wp\/v2\/comments?post=486"}],"version-history":[{"count":0,"href":"https:\/\/fetrib.com\/web\/wp-json\/wp\/v2\/posts\/486\/revisions"}],"wp:attachment":[{"href":"https:\/\/fetrib.com\/web\/wp-json\/wp\/v2\/media?parent=486"}],"wp:term":[{"taxonomy":"category","embeddable":true,"href":"https:\/\/fetrib.com\/web\/wp-json\/wp\/v2\/categories?post=486"},{"taxonomy":"post_tag","embeddable":true,"href":"https:\/\/fetrib.com\/web\/wp-json\/wp\/v2\/tags?post=486"}],"curies":[{"name":"wp","href":"https:\/\/api.w.org\/{rel}","templated":true}]}}