{"id":488,"date":"2014-07-31T07:30:41","date_gmt":"2014-07-31T07:30:41","guid":{"rendered":"http:\/\/www.fetrib.com\/web2018\/comite-tecnico\/presa-de-temps-cteib-14-15\/"},"modified":"2018-05-21T11:52:13","modified_gmt":"2018-05-21T11:52:13","slug":"presa-de-temps-cteib-14-15","status":"publish","type":"post","link":"https:\/\/fetrib.com\/web\/2014\/07\/31\/presa-de-temps-cteib-14-15\/","title":{"rendered":"Presa de temps CTEIB 14-15"},"content":{"rendered":"<p><span lang=\"ES\">El dissabte 9 d\u2019agost de 2014 es celebraran les proves f\u00edsiques puntuables en els criteris d\u2019acc\u00e9s al Centre de Tecnificaci\u00f3 Esportiva de les Illes Balears.<\/span>\u00a0<\/p>\n<p class=\"MsoBodyText\"><span lang=\"ES\">Els esportistes aspirants realitzaran les proves de nataci\u00f3 i atletisme al Poliesportiu Pr\u00ednceps d\u2019Espanya.<\/span><\/p>\n<p class=\"MsoBodyText\"><span lang=\"ES\">Les proves de nataci\u00f3 seran a les 9h a la piscina interior de 25 m. Es realitzar\u00e0 la prova de 100 m lliures i a continuaci\u00f3 la de 1000 m.<\/span><\/p>\n<p class=\"MsoBodyText\"><span lang=\"ES\">L&#8217;horabaixa, a les 18h es desenvoluparan les proves d\u2019atletisme amb la prova de 400 i 1000m.<\/span><\/p>\n<p class=\"MsoBodyText\"><span lang=\"ES\">Aquestes proves son obligat\u00f2ries pels esportistes aspirants.<\/span><\/p>\n<p class=\"MsoBodyText\"><span lang=\"ES\">\u00a0<\/span><\/p>\n<p><span lang=\"ES\"><a href=\"http:\/\/fetrib.com\/web\/wp-content\/uploads\/2014\/07\/Convocatoria-presa-temps-ebe-14-15.pdf\">convocat\u00f2ria<\/a><\/span> <\/p>\n","protected":false},"excerpt":{"rendered":"<p>El dissabte 9 d\u2019agost de 2014 es celebraran les proves f\u00edsiques puntuables en els criteris d\u2019acc\u00e9s al Centre de Tecnificaci\u00f3 Esportiva de les Illes Balears.\u00a0 Els esportistes aspirants realitzaran les proves de nataci\u00f3 i atletisme al Poliesportiu Pr\u00ednceps d\u2019Espanya. Les proves de nataci\u00f3 seran a les 9h a la piscina interior de 25 m. Es &#8230;<\/p>\n","protected":false},"author":1,"featured_media":0,"comment_status":"open","ping_status":"open","sticky":false,"template":"","format":"standard","meta":{"_uag_custom_page_level_css":"","footnotes":""},"categories":[27,62],"tags":[],"class_list":["post-488","post","type-post","status-publish","format-standard","hentry","category-comite-tecnico","category-criteris-seleccio"],"uagb_featured_image_src":{"full":false,"thumbnail":false,"medium":false,"medium_large":false,"large":false,"1536x1536":false,"2048x2048":false,"tie-small":false,"tie-large":false,"slider":false},"uagb_author_info":{"display_name":"admin","author_link":"https:\/\/fetrib.com\/web\/author\/admin\/"},"uagb_comment_info":0,"uagb_excerpt":"El dissabte 9 d\u2019agost de 2014 es celebraran les proves f\u00edsiques puntuables en els criteris d\u2019acc\u00e9s al Centre de Tecnificaci\u00f3 Esportiva de les Illes Balears.\u00a0 Els esportistes aspirants realitzaran les proves de nataci\u00f3 i atletisme al Poliesportiu Pr\u00ednceps d\u2019Espanya. Les proves de nataci\u00f3 seran a les 9h a la piscina interior de 25 m. Es&hellip;","_links":{"self":[{"href":"https:\/\/fetrib.com\/web\/wp-json\/wp\/v2\/posts\/488","targetHints":{"allow":["GET"]}}],"collection":[{"href":"https:\/\/fetrib.com\/web\/wp-json\/wp\/v2\/posts"}],"about":[{"href":"https:\/\/fetrib.com\/web\/wp-json\/wp\/v2\/types\/post"}],"author":[{"embeddable":true,"href":"https:\/\/fetrib.com\/web\/wp-json\/wp\/v2\/users\/1"}],"replies":[{"embeddable":true,"href":"https:\/\/fetrib.com\/web\/wp-json\/wp\/v2\/comments?post=488"}],"version-history":[{"count":1,"href":"https:\/\/fetrib.com\/web\/wp-json\/wp\/v2\/posts\/488\/revisions"}],"predecessor-version":[{"id":1774,"href":"https:\/\/fetrib.com\/web\/wp-json\/wp\/v2\/posts\/488\/revisions\/1774"}],"wp:attachment":[{"href":"https:\/\/fetrib.com\/web\/wp-json\/wp\/v2\/media?parent=488"}],"wp:term":[{"taxonomy":"category","embeddable":true,"href":"https:\/\/fetrib.com\/web\/wp-json\/wp\/v2\/categories?post=488"},{"taxonomy":"post_tag","embeddable":true,"href":"https:\/\/fetrib.com\/web\/wp-json\/wp\/v2\/tags?post=488"}],"curies":[{"name":"wp","href":"https:\/\/api.w.org\/{rel}","templated":true}]}}