{"id":494,"date":"2014-08-04T12:35:00","date_gmt":"2014-08-04T12:35:00","guid":{"rendered":"http:\/\/www.fetrib.com\/web2018\/secretaria\/circulares\/convocatoria-d-una-placa-de-d-t-percteib\/"},"modified":"2014-08-04T12:35:00","modified_gmt":"2014-08-04T12:35:00","slug":"convocatoria-d-una-placa-de-d-t-percteib","status":"publish","type":"post","link":"https:\/\/fetrib.com\/web\/2014\/08\/04\/convocatoria-d-una-placa-de-d-t-percteib\/","title":{"rendered":"Convocat\u00f2ria d&#8217;una pla\u00e7a de D.T. pel CTEIB"},"content":{"rendered":"<p class=\"MsoBodyText\"><span lang=\"ES\">Acceptades algunes sugger\u00e8ncies arribades a la FETRIB, la comissi\u00f3 encarregada de rebre els curriculums per fer la selecci\u00f3 d&#8217;un director t\u00e8cnic de triatl\u00f3 per el CTEIB ha decidit modificar els requisits per optar a aquesta pla\u00e7a.<br \/><\/span><\/p>\n<p class=\"MsoBodyText\"><span lang=\"ES\">De la mateixa manera s&#8217;amplia el per\u00edode de temps per enviar les sol\u00b7licituds.<br \/><\/span><\/p>\n<p class=\"MsoBodyText\"><span lang=\"ES\">\u00a0<\/span><\/p>\n<p><span lang=\"ES\"><a href=\"http:\/\/fetrib.com\/web\/wp-content\/uploads\/2014\/08\/Convocatoria-tecnic-CTEIB.pdf\">Bases de la convocat\u00f2ria<\/a><br \/><\/span><\/p>\n<p><span style=\"mso-list: Ignore;\" lang=\"ES\"><a href=\"http:\/\/fetrib.com\/web\/wp-content\/uploads\/2014\/07\/instancia-tecnic-ebe.pdf\">Inst\u00e0ncia<\/a><br \/><\/span><\/p>\n<p>\u00a0<\/p>\n","protected":false},"excerpt":{"rendered":"<p>Acceptades algunes sugger\u00e8ncies arribades a la FETRIB, la comissi\u00f3 encarregada de rebre els curriculums per fer la selecci\u00f3 d&#8217;un director t\u00e8cnic de triatl\u00f3 per el CTEIB ha decidit modificar els requisits per optar a aquesta pla\u00e7a. De la mateixa manera s&#8217;amplia el per\u00edode de temps per enviar les sol\u00b7licituds. \u00a0 Bases de la convocat\u00f2ria Inst\u00e0ncia &#8230;<\/p>\n","protected":false},"author":1,"featured_media":0,"comment_status":"open","ping_status":"open","sticky":false,"template":"","format":"standard","meta":{"_uag_custom_page_level_css":"","footnotes":""},"categories":[48],"tags":[],"class_list":["post-494","post","type-post","status-publish","format-standard","hentry","category-circulares"],"uagb_featured_image_src":{"full":false,"thumbnail":false,"medium":false,"medium_large":false,"large":false,"1536x1536":false,"2048x2048":false,"tie-small":false,"tie-large":false,"slider":false},"uagb_author_info":{"display_name":"admin","author_link":"https:\/\/fetrib.com\/web\/author\/admin\/"},"uagb_comment_info":0,"uagb_excerpt":"Acceptades algunes sugger\u00e8ncies arribades a la FETRIB, la comissi\u00f3 encarregada de rebre els curriculums per fer la selecci\u00f3 d&#8217;un director t\u00e8cnic de triatl\u00f3 per el CTEIB ha decidit modificar els requisits per optar a aquesta pla\u00e7a. De la mateixa manera s&#8217;amplia el per\u00edode de temps per enviar les sol\u00b7licituds. \u00a0 Bases de la convocat\u00f2ria Inst\u00e0ncia&hellip;","_links":{"self":[{"href":"https:\/\/fetrib.com\/web\/wp-json\/wp\/v2\/posts\/494","targetHints":{"allow":["GET"]}}],"collection":[{"href":"https:\/\/fetrib.com\/web\/wp-json\/wp\/v2\/posts"}],"about":[{"href":"https:\/\/fetrib.com\/web\/wp-json\/wp\/v2\/types\/post"}],"author":[{"embeddable":true,"href":"https:\/\/fetrib.com\/web\/wp-json\/wp\/v2\/users\/1"}],"replies":[{"embeddable":true,"href":"https:\/\/fetrib.com\/web\/wp-json\/wp\/v2\/comments?post=494"}],"version-history":[{"count":0,"href":"https:\/\/fetrib.com\/web\/wp-json\/wp\/v2\/posts\/494\/revisions"}],"wp:attachment":[{"href":"https:\/\/fetrib.com\/web\/wp-json\/wp\/v2\/media?parent=494"}],"wp:term":[{"taxonomy":"category","embeddable":true,"href":"https:\/\/fetrib.com\/web\/wp-json\/wp\/v2\/categories?post=494"},{"taxonomy":"post_tag","embeddable":true,"href":"https:\/\/fetrib.com\/web\/wp-json\/wp\/v2\/tags?post=494"}],"curies":[{"name":"wp","href":"https:\/\/api.w.org\/{rel}","templated":true}]}}