{"id":50,"date":"2011-02-05T20:13:05","date_gmt":"2011-02-05T20:13:05","guid":{"rendered":"http:\/\/www.fetrib.com\/web2018\/resultados\/resultados-son-negre\/"},"modified":"2011-02-05T20:13:05","modified_gmt":"2011-02-05T20:13:05","slug":"resultados-son-negre","status":"publish","type":"post","link":"https:\/\/fetrib.com\/web\/2011\/02\/05\/resultados-son-negre\/","title":{"rendered":"RESULTADOS SON NEGRE"},"content":{"rendered":"<p>Fant\u00e1stica participaci\u00f3n, meteorolog\u00eda y merienda en el Duatl\u00f3 de Son Negre.<\/p>\n<p>Esta tarde se ha celebrado una nueva edici\u00f3n con 86 duatletas inscritos, podreis encontrar los resultados aqu\u00ed:<\/p>\n<p><strong><span style=\"text-decoration: underline;\"><a href=\"http:\/\/www.conxip.com\/result.php?IdEvento=107\">CLASIFICACIONES<\/a><\/span><\/strong><\/p>\n<p><img loading=\"lazy\" decoding=\"async\" src=\"images\/stories\/salidasonnegre.bmp\" border=\"0\" width=\"290\" height=\"208\" \/>\u00a0 <img loading=\"lazy\" decoding=\"async\" src=\"images\/stories\/ganadorsonnegre.bmp\" border=\"0\" width=\"191\" height=\"234\" \/><\/p>\n","protected":false},"excerpt":{"rendered":"<p>Fant\u00e1stica participaci\u00f3n, meteorolog\u00eda y merienda en el Duatl\u00f3 de Son Negre. Esta tarde se ha celebrado una nueva edici\u00f3n con 86 duatletas inscritos, podreis encontrar los resultados aqu\u00ed: CLASIFICACIONES \u00a0<\/p>\n","protected":false},"author":1,"featured_media":0,"comment_status":"open","ping_status":"open","sticky":false,"template":"","format":"standard","meta":{"_uag_custom_page_level_css":"","footnotes":""},"categories":[40],"tags":[],"class_list":["post-50","post","type-post","status-publish","format-standard","hentry","category-resultados"],"uagb_featured_image_src":{"full":false,"thumbnail":false,"medium":false,"medium_large":false,"large":false,"1536x1536":false,"2048x2048":false,"tie-small":false,"tie-large":false,"slider":false},"uagb_author_info":{"display_name":"admin","author_link":"https:\/\/fetrib.com\/web\/author\/admin\/"},"uagb_comment_info":0,"uagb_excerpt":"Fant\u00e1stica participaci\u00f3n, meteorolog\u00eda y merienda en el Duatl\u00f3 de Son Negre. Esta tarde se ha celebrado una nueva edici\u00f3n con 86 duatletas inscritos, podreis encontrar los resultados aqu\u00ed: CLASIFICACIONES \u00a0","_links":{"self":[{"href":"https:\/\/fetrib.com\/web\/wp-json\/wp\/v2\/posts\/50","targetHints":{"allow":["GET"]}}],"collection":[{"href":"https:\/\/fetrib.com\/web\/wp-json\/wp\/v2\/posts"}],"about":[{"href":"https:\/\/fetrib.com\/web\/wp-json\/wp\/v2\/types\/post"}],"author":[{"embeddable":true,"href":"https:\/\/fetrib.com\/web\/wp-json\/wp\/v2\/users\/1"}],"replies":[{"embeddable":true,"href":"https:\/\/fetrib.com\/web\/wp-json\/wp\/v2\/comments?post=50"}],"version-history":[{"count":0,"href":"https:\/\/fetrib.com\/web\/wp-json\/wp\/v2\/posts\/50\/revisions"}],"wp:attachment":[{"href":"https:\/\/fetrib.com\/web\/wp-json\/wp\/v2\/media?parent=50"}],"wp:term":[{"taxonomy":"category","embeddable":true,"href":"https:\/\/fetrib.com\/web\/wp-json\/wp\/v2\/categories?post=50"},{"taxonomy":"post_tag","embeddable":true,"href":"https:\/\/fetrib.com\/web\/wp-json\/wp\/v2\/tags?post=50"}],"curies":[{"name":"wp","href":"https:\/\/api.w.org\/{rel}","templated":true}]}}