{"id":500,"date":"2014-08-25T10:59:10","date_gmt":"2014-08-25T10:59:10","guid":{"rendered":"http:\/\/www.fetrib.com\/web2018\/news\/latest-news\/descompte-per-a-federats-al-campionat-d-europa-challenge-paguera\/"},"modified":"2014-08-25T10:59:10","modified_gmt":"2014-08-25T10:59:10","slug":"descompte-per-a-federats-al-campionat-d-europa-challenge-paguera","status":"publish","type":"post","link":"https:\/\/fetrib.com\/web\/2014\/08\/25\/descompte-per-a-federats-al-campionat-d-europa-challenge-paguera\/","title":{"rendered":"Descompte per a Federats al Campionat d&#8217;Europa Challenge Paguera"},"content":{"rendered":"<p><img decoding=\"async\" src=\"http:\/\/www.challenge-mallorca.com\/es\/wp-content\/themes\/CHMALLORCA\/images\/cm-logo.jpg\" border=\"0\" alt=\"\" width=\"75%\" \/><\/p>\n<p>L&#8217;organitzaci\u00f3 del Challenge Paguera Mallorca, que acollir\u00e0 el Campionat d&#8217;Europa de MD, vol oferir un descompte als federats en la FETRIB.<\/p>\n<p>El preu actual per a federats \u00e9s de 195\u20ac.<\/p>\n<p>Els interessats posau-vos en contacte amb l&#8217;organitzaci\u00f3 indicat que estau federats a la FETRIB.<\/p>\n","protected":false},"excerpt":{"rendered":"<p>L&#8217;organitzaci\u00f3 del Challenge Paguera Mallorca, que acollir\u00e0 el Campionat d&#8217;Europa de MD, vol oferir un descompte als federats en la FETRIB. El preu actual per a federats \u00e9s de 195\u20ac. Els interessats posau-vos en contacte amb l&#8217;organitzaci\u00f3 indicat que estau federats a la FETRIB.<\/p>\n","protected":false},"author":1,"featured_media":0,"comment_status":"open","ping_status":"open","sticky":false,"template":"","format":"standard","meta":{"_uag_custom_page_level_css":"","footnotes":""},"categories":[37],"tags":[],"class_list":["post-500","post","type-post","status-publish","format-standard","hentry","category-latest-news"],"uagb_featured_image_src":{"full":false,"thumbnail":false,"medium":false,"medium_large":false,"large":false,"1536x1536":false,"2048x2048":false,"tie-small":false,"tie-large":false,"slider":false},"uagb_author_info":{"display_name":"admin","author_link":"https:\/\/fetrib.com\/web\/author\/admin\/"},"uagb_comment_info":0,"uagb_excerpt":"L&#8217;organitzaci\u00f3 del Challenge Paguera Mallorca, que acollir\u00e0 el Campionat d&#8217;Europa de MD, vol oferir un descompte als federats en la FETRIB. El preu actual per a federats \u00e9s de 195\u20ac. Els interessats posau-vos en contacte amb l&#8217;organitzaci\u00f3 indicat que estau federats a la FETRIB.","_links":{"self":[{"href":"https:\/\/fetrib.com\/web\/wp-json\/wp\/v2\/posts\/500","targetHints":{"allow":["GET"]}}],"collection":[{"href":"https:\/\/fetrib.com\/web\/wp-json\/wp\/v2\/posts"}],"about":[{"href":"https:\/\/fetrib.com\/web\/wp-json\/wp\/v2\/types\/post"}],"author":[{"embeddable":true,"href":"https:\/\/fetrib.com\/web\/wp-json\/wp\/v2\/users\/1"}],"replies":[{"embeddable":true,"href":"https:\/\/fetrib.com\/web\/wp-json\/wp\/v2\/comments?post=500"}],"version-history":[{"count":0,"href":"https:\/\/fetrib.com\/web\/wp-json\/wp\/v2\/posts\/500\/revisions"}],"wp:attachment":[{"href":"https:\/\/fetrib.com\/web\/wp-json\/wp\/v2\/media?parent=500"}],"wp:term":[{"taxonomy":"category","embeddable":true,"href":"https:\/\/fetrib.com\/web\/wp-json\/wp\/v2\/categories?post=500"},{"taxonomy":"post_tag","embeddable":true,"href":"https:\/\/fetrib.com\/web\/wp-json\/wp\/v2\/tags?post=500"}],"curies":[{"name":"wp","href":"https:\/\/api.w.org\/{rel}","templated":true}]}}