{"id":505,"date":"2014-09-02T16:39:17","date_gmt":"2014-09-02T16:39:17","guid":{"rendered":"http:\/\/www.fetrib.com\/web2018\/news\/latest-news\/convocatoria-d-una-placa-de-d-t-pel-cteib\/"},"modified":"2014-09-02T16:39:17","modified_gmt":"2014-09-02T16:39:17","slug":"convocatoria-d-una-placa-de-d-t-pel-cteib","status":"publish","type":"post","link":"https:\/\/fetrib.com\/web\/2014\/09\/02\/convocatoria-d-una-placa-de-d-t-pel-cteib\/","title":{"rendered":"Convocat\u00f2ria d&#8217;una pla\u00e7a de D.T. pel CTEIB"},"content":{"rendered":"<p><img loading=\"lazy\" decoding=\"async\" class=\" size-full wp-image-420\" src=\"http:\/\/fetrib.com\/web\/wp-content\/uploads\/2014\/02\/logo-fetrib-web.jpg\" border=\"0\" alt=\"\" style=\"display: block; margin-left: auto; margin-right: auto;\" width=\"196\" height=\"168\" \/><\/p>\n<p>Un cop resolt el proc\u00e9s de selecci\u00f3, la FETRIB comunica que el nou director t\u00e8cnic del Centre de Tecnificaci\u00f3 Esportiva de les Illes Balears ser\u00e0 D. Josep Maria Buendia Aragall.<\/p>\n<p>En breus dies i davant la proximitat de l&#8217;inici de curs, el nou director t\u00e8cnic iniciar\u00e0 la seva tasca al CTEIB.<\/p>\n","protected":false},"excerpt":{"rendered":"<p>Un cop resolt el proc\u00e9s de selecci\u00f3, la FETRIB comunica que el nou director t\u00e8cnic del Centre de Tecnificaci\u00f3 Esportiva de les Illes Balears ser\u00e0 D. Josep Maria Buendia Aragall. En breus dies i davant la proximitat de l&#8217;inici de curs, el nou director t\u00e8cnic iniciar\u00e0 la seva tasca al CTEIB.<\/p>\n","protected":false},"author":1,"featured_media":420,"comment_status":"open","ping_status":"open","sticky":false,"template":"","format":"standard","meta":{"_uag_custom_page_level_css":"","footnotes":""},"categories":[37],"tags":[],"class_list":["post-505","post","type-post","status-publish","format-standard","has-post-thumbnail","hentry","category-latest-news"],"uagb_featured_image_src":{"full":["https:\/\/fetrib.com\/web\/wp-content\/uploads\/2014\/02\/logo-fetrib-web.jpg",196,168,false],"thumbnail":["https:\/\/fetrib.com\/web\/wp-content\/uploads\/2014\/02\/logo-fetrib-web-150x150.jpg",150,150,true],"medium":["https:\/\/fetrib.com\/web\/wp-content\/uploads\/2014\/02\/logo-fetrib-web.jpg",196,168,false],"medium_large":["https:\/\/fetrib.com\/web\/wp-content\/uploads\/2014\/02\/logo-fetrib-web.jpg",196,168,false],"large":["https:\/\/fetrib.com\/web\/wp-content\/uploads\/2014\/02\/logo-fetrib-web.jpg",196,168,false],"1536x1536":["https:\/\/fetrib.com\/web\/wp-content\/uploads\/2014\/02\/logo-fetrib-web.jpg",196,168,false],"2048x2048":["https:\/\/fetrib.com\/web\/wp-content\/uploads\/2014\/02\/logo-fetrib-web.jpg",196,168,false],"tie-small":["https:\/\/fetrib.com\/web\/wp-content\/uploads\/2014\/02\/logo-fetrib-web-70x70.jpg",70,70,true],"tie-large":["https:\/\/fetrib.com\/web\/wp-content\/uploads\/2014\/02\/logo-fetrib-web-196x160.jpg",196,160,true],"slider":["https:\/\/fetrib.com\/web\/wp-content\/uploads\/2014\/02\/logo-fetrib-web.jpg",196,168,false]},"uagb_author_info":{"display_name":"admin","author_link":"https:\/\/fetrib.com\/web\/author\/admin\/"},"uagb_comment_info":0,"uagb_excerpt":"Un cop resolt el proc\u00e9s de selecci\u00f3, la FETRIB comunica que el nou director t\u00e8cnic del Centre de Tecnificaci\u00f3 Esportiva de les Illes Balears ser\u00e0 D. Josep Maria Buendia Aragall. En breus dies i davant la proximitat de l&#8217;inici de curs, el nou director t\u00e8cnic iniciar\u00e0 la seva tasca al CTEIB.","_links":{"self":[{"href":"https:\/\/fetrib.com\/web\/wp-json\/wp\/v2\/posts\/505","targetHints":{"allow":["GET"]}}],"collection":[{"href":"https:\/\/fetrib.com\/web\/wp-json\/wp\/v2\/posts"}],"about":[{"href":"https:\/\/fetrib.com\/web\/wp-json\/wp\/v2\/types\/post"}],"author":[{"embeddable":true,"href":"https:\/\/fetrib.com\/web\/wp-json\/wp\/v2\/users\/1"}],"replies":[{"embeddable":true,"href":"https:\/\/fetrib.com\/web\/wp-json\/wp\/v2\/comments?post=505"}],"version-history":[{"count":0,"href":"https:\/\/fetrib.com\/web\/wp-json\/wp\/v2\/posts\/505\/revisions"}],"wp:featuredmedia":[{"embeddable":true,"href":"https:\/\/fetrib.com\/web\/wp-json\/wp\/v2\/media\/420"}],"wp:attachment":[{"href":"https:\/\/fetrib.com\/web\/wp-json\/wp\/v2\/media?parent=505"}],"wp:term":[{"taxonomy":"category","embeddable":true,"href":"https:\/\/fetrib.com\/web\/wp-json\/wp\/v2\/categories?post=505"},{"taxonomy":"post_tag","embeddable":true,"href":"https:\/\/fetrib.com\/web\/wp-json\/wp\/v2\/tags?post=505"}],"curies":[{"name":"wp","href":"https:\/\/api.w.org\/{rel}","templated":true}]}}