{"id":52,"date":"2011-02-08T15:12:40","date_gmt":"2011-02-08T15:12:40","guid":{"rendered":"http:\/\/www.fetrib.com\/web2018\/news\/latest-news\/dcto-tristar-para-federados\/"},"modified":"2011-02-08T15:12:40","modified_gmt":"2011-02-08T15:12:40","slug":"dcto-tristar-para-federados","status":"publish","type":"post","link":"https:\/\/fetrib.com\/web\/2011\/02\/08\/dcto-tristar-para-federados\/","title":{"rendered":"DCTO TRISTAR PARA FEDERADOS"},"content":{"rendered":"<p class=\"MsoNormal\" style=\"line-height: normal; margin: 0cm 0cm 0pt;\"><span style=\"font-family: &quot;Times New Roman&quot;,&quot;serif&quot;; font-size: 12pt; mso-fareast-font-family: 'Times New Roman'; mso-fareast-language: ES; mso-no-proof: yes;\"><\/span><span style=\"font-family: &quot;Times New Roman&quot;,&quot;serif&quot;; font-size: 12pt; mso-fareast-font-family: 'Times New Roman'; mso-fareast-language: ES;\"><\/span><\/p>\n<p class=\"MsoNormal\" style=\"line-height: normal; margin: 0cm 0cm 0pt;\"><span style=\"font-family: &quot;Times New Roman&quot;,&quot;serif&quot;; font-size: 12pt; mso-fareast-font-family: 'Times New Roman'; mso-fareast-language: ES;\"><span style=\"color: #000000;\">\u00a0<\/span><\/span><\/p>\n<p class=\"MsoNormal\" style=\"line-height: normal; margin: 0cm 0cm 0pt;\"><span style=\"font-family: &quot;Times New Roman&quot;,&quot;serif&quot;; font-size: 12pt; mso-fareast-font-family: 'Times New Roman'; mso-fareast-language: ES;\"><span style=\"color: #000000;\">\u00a0\u00a0\u00a0\u00a0\u00a0\u00a0\u00a0\u00a0\u00a0\u00a0\u00a0\u00a0\u00a0\u00a0\u00a0\u00a0\u00a0\u00a0\u00a0\u00a0\u00a0 <img loading=\"lazy\" decoding=\"async\" src=\"images\/stories\/tristar.jpg\" border=\"0\" width=\"370\" height=\"78\" \/>\u00a0<\/span><\/span><\/p>\n<p class=\"MsoNormal\" style=\"line-height: normal; margin: 0cm 0cm 0pt;\"><span style=\"font-size: 12pt; mso-fareast-font-family: 'Times New Roman'; mso-fareast-language: ES; mso-ascii-font-family: Calibri; mso-hansi-font-family: Calibri; mso-bidi-font-family: 'Times New Roman';\"><span style=\"color: #000000;\"><span style=\"font-family: Calibri;\">Tenemos el placer de informarte del acuerdo al que la<strong> Federaci\u00f3n Balear de Triatl\u00f3n<\/strong> y el <strong>TriStar Mallorca<\/strong> han llegado. Todos los triatletas federados en Baleares obtendr\u00e1n un <strong>20% de descuento especial <\/strong>sobre el precio oficial de la inscripci\u00f3n <strong>hasta el 11 de marzo<\/strong>\u00a0del TriStar111 Mallorca o del TriStar55.5 Mallorca<strong>.<\/strong><\/span><\/span><\/span><\/p>\n<p class=\"MsoNormal\" style=\"line-height: normal; margin: 0cm 0cm 0pt;\"><span style=\"font-size: 12pt; mso-fareast-font-family: 'Times New Roman'; mso-fareast-language: ES; mso-ascii-font-family: Calibri; mso-hansi-font-family: Calibri; mso-bidi-font-family: 'Times New Roman';\"><span style=\"font-family: Calibri; color: #000000;\">\u00a0<\/span><\/span><\/p>\n<p class=\"MsoNormal\" style=\"line-height: normal; margin: 0cm 0cm 0pt;\"><span style=\"font-size: 12pt; mso-fareast-font-family: 'Times New Roman'; mso-fareast-language: ES; mso-ascii-font-family: Calibri; mso-hansi-font-family: Calibri; mso-bidi-font-family: 'Times New Roman';\"><span style=\"color: #000000;\"><span style=\"font-family: Calibri;\">La devoluci\u00f3n de este descuento se har\u00e1 tras la celebraci\u00f3n de la prueba (17 de abril) a trav\u00e9s de la Federaci\u00f3n Balear de Triatl\u00f3n, que lo ingresar\u00e1 al club al que pertenezca cada triatleta federado en ella. Aquellos federados que se inscriban despu\u00e9s del 11 de marzo no podr\u00e1n acogerse a esta promoci\u00f3n especial.<\/span><\/span><\/span><\/p>\n<p class=\"MsoNormal\" style=\"line-height: normal; margin: 0cm 0cm 0pt;\"><span style=\"font-size: 12pt; mso-fareast-font-family: 'Times New Roman'; mso-fareast-language: ES; mso-ascii-font-family: Calibri; mso-hansi-font-family: Calibri; mso-bidi-font-family: 'Times New Roman';\"><span style=\"font-family: Calibri; color: #000000;\">\u00a0<\/span><\/span><\/p>\n<p class=\"MsoNormal\" style=\"line-height: normal; margin: 0cm 0cm 0pt;\"><span style=\"font-size: 12pt; mso-fareast-font-family: 'Times New Roman'; mso-fareast-language: ES; mso-ascii-font-family: Calibri; mso-hansi-font-family: Calibri; mso-bidi-font-family: 'Times New Roman';\"><span style=\"color: #000000;\"><span style=\"font-family: Calibri;\">TriStar Mallorca est\u00e1 vinculado estrechamente a la comunidad triatl\u00e9tica balear y quiere apoyarla firmemente. Toma el relevo en el calendario del tradicional <strong>Triatl\u00f3n de Portocolom,<\/strong>\u00a0y quiere mantener su esencia y su ra\u00edz. Por ello, nadie mejor y con mayor conocimiento del triatl\u00f3n y de Mallorca que <strong>Jaume Vicens<\/strong> (al frente de esta carrera durante 13 a\u00f1os) para que sea el director de la carrera junto a todo su equipo de trabajo, que han convertido a esta prueba en una referencia hist\u00f3rica del triatl\u00f3n nacional.\u00a0<\/span><\/span><\/span><\/p>\n<p class=\"MsoNormal\" style=\"line-height: normal; margin: 0cm 0cm 0pt;\"><span style=\"font-size: 12pt; mso-fareast-font-family: 'Times New Roman'; mso-fareast-language: ES; mso-ascii-font-family: Calibri; mso-hansi-font-family: Calibri; mso-bidi-font-family: 'Times New Roman';\"><span style=\"font-family: Calibri; color: #000000;\">\u00a0<\/span><\/span><\/p>\n<p class=\"MsoNormal\" style=\"line-height: normal; margin: 0cm 0cm 0pt;\"><span style=\"font-size: 12pt; mso-fareast-font-family: 'Times New Roman'; mso-fareast-language: ES; mso-ascii-font-family: Calibri; mso-hansi-font-family: Calibri; mso-bidi-font-family: 'Times New Roman';\"><span style=\"color: #000000;\"><span style=\"font-family: Calibri;\">El objetivo de TriStar Mallorca es ofrecer una carrera de alt\u00edsima calidad a todos sus participantes. Nuestro reto es la diversi\u00f3n, la solidaridad y la responsabilidad social de nuestros eventos, as\u00ed como el cuidado y respeto del medio ambiente.\u00a0<\/span><\/span><\/span><\/p>\n<p class=\"MsoNormal\" style=\"line-height: normal; margin: 0cm 0cm 0pt;\"><span style=\"font-size: 12pt; mso-fareast-font-family: 'Times New Roman'; mso-fareast-language: ES; mso-ascii-font-family: Calibri; mso-hansi-font-family: Calibri; mso-bidi-font-family: 'Times New Roman';\"><span style=\"font-family: Calibri; color: #000000;\">\u00a0<\/span><\/span><\/p>\n<p class=\"MsoNormal\" style=\"line-height: normal; margin: 0cm 0cm 0pt;\"><span style=\"font-size: 12pt; mso-fareast-font-family: 'Times New Roman'; mso-fareast-language: ES; mso-ascii-font-family: Calibri; mso-hansi-font-family: Calibri; mso-bidi-font-family: 'Times New Roman';\"><span style=\"color: #000000;\"><span style=\"font-family: Calibri;\">Ya est\u00e1 abierto tambi\u00e9n el plazo de inscripciones para la modalidad de equipos de relevos (\u00a1anima a tus amigos y familiares a debutar en nuestro deporte!).\u00a0<\/span><\/span><\/span><\/p>\n<p class=\"MsoNormal\" style=\"line-height: normal; margin: 0cm 0cm 0pt;\"><span style=\"font-size: 12pt; mso-fareast-font-family: 'Times New Roman'; mso-fareast-language: ES; mso-ascii-font-family: Calibri; mso-hansi-font-family: Calibri; mso-bidi-font-family: 'Times New Roman';\"><span style=\"font-family: Calibri; color: #000000;\">\u00a0<\/span><\/span><\/p>\n<p class=\"MsoNormal\" style=\"line-height: normal; margin: 0cm 0cm 0pt;\"><span style=\"font-size: 12pt; mso-fareast-font-family: 'Times New Roman'; mso-fareast-language: ES; mso-ascii-font-family: Calibri; mso-hansi-font-family: Calibri; mso-bidi-font-family: 'Times New Roman';\"><span style=\"font-family: Calibri; color: #000000;\">\u00bfQuieres disfrutar de este triatl\u00f3n y participar en \u00e9l junto al dos veces campe\u00f3n del mundo Ironman <strong>Chris McCormack?<\/strong>\u00a0<\/span><a href=\"http:\/\/star-events.cc\/site\/es\/trstmanews\/1073-maccatristarmallorca\"><span style=\"color: blue;\"><span style=\"text-decoration: underline;\"><span style=\"font-family: Calibri;\">Macca ya est\u00e1 inscrito al TriStar Mallorca, \u00bfa qu\u00e9 esperas t\u00fa? <\/span><\/span><\/span><\/a><em><a href=\"http:\/\/star-events.cc\/site\/es\/trstmanews\/1073-maccatristarmallorca\"><span style=\"color: blue;\"><span style=\"text-decoration: underline;\"><span style=\"font-family: Calibri;\">Aqu\u00ed puedes leer la noticia<\/span><\/span><\/span><\/a><\/em><\/span><\/p>\n<p class=\"MsoNormal\" style=\"line-height: normal; margin: 0cm 0cm 0pt;\"><span style=\"font-size: 12pt; mso-fareast-font-family: 'Times New Roman'; mso-fareast-language: ES; mso-ascii-font-family: Calibri; mso-hansi-font-family: Calibri; mso-bidi-font-family: 'Times New Roman';\"><span style=\"font-family: Calibri; color: #000000;\">\u00a0<\/span><\/span><\/p>\n<p class=\"MsoNormal\" style=\"line-height: normal; margin: 0cm 0cm 0pt;\"><span style=\"font-size: 12pt; mso-fareast-font-family: 'Times New Roman'; mso-fareast-language: ES; mso-ascii-font-family: Calibri; mso-hansi-font-family: Calibri; mso-bidi-font-family: 'Times New Roman';\"><span style=\"font-family: Calibri; color: #000000;\">\u00a0<\/span><\/span><\/p>\n<p class=\"MsoNormal\" style=\"line-height: normal; margin: 0cm 0cm 0pt;\"><span style=\"font-family: Calibri;\"><strong><em><span style=\"font-size: 12pt; mso-fareast-font-family: 'Times New Roman'; mso-fareast-language: ES; mso-ascii-font-family: Calibri; mso-hansi-font-family: Calibri; mso-bidi-font-family: 'Times New Roman';\"><span style=\"color: #000000;\">Accede a toda la informaci\u00f3n sobre el TriStar Mallorca:\u00a0<\/span><\/span><\/em><\/strong><span style=\"font-size: 12pt; mso-fareast-font-family: 'Times New Roman'; mso-fareast-language: ES; mso-ascii-font-family: Calibri; mso-hansi-font-family: Calibri; mso-bidi-font-family: 'Times New Roman';\"><a href=\"http:\/\/www.tristarmallorca.com\/\"><strong><em><span style=\"color: blue;\"><span style=\"text-decoration: underline;\">www.tristarmallorca.com<\/span><\/span><\/em><\/strong><\/a><\/span><\/span><\/p>\n<p class=\"MsoNormal\" style=\"line-height: normal; margin: 0cm 0cm 0pt;\"><span style=\"font-size: 12pt; mso-fareast-font-family: 'Times New Roman'; mso-fareast-language: ES; mso-ascii-font-family: Calibri; mso-hansi-font-family: Calibri; mso-bidi-font-family: 'Times New Roman';\"><span style=\"font-family: Calibri; color: #000000;\">\u00a0<\/span><\/span><\/p>\n<p class=\"MsoNormal\" style=\"line-height: normal; margin: 0cm 0cm 0pt;\"><span style=\"font-family: Calibri;\"><strong><em><span style=\"font-size: 12pt; mso-fareast-font-family: 'Times New Roman'; mso-fareast-language: ES; mso-ascii-font-family: Calibri; mso-hansi-font-family: Calibri; mso-bidi-font-family: 'Times New Roman';\"><span style=\"color: #000000;\">Ya puedes inscribirte al TriStar Mallorca (en la distancias 55.5, 111 y por relevos)\u00a0<\/span><\/span><\/em><\/strong><span style=\"font-size: 12pt; mso-fareast-font-family: 'Times New Roman'; mso-fareast-language: ES; mso-ascii-font-family: Calibri; mso-hansi-font-family: Calibri; mso-bidi-font-family: 'Times New Roman';\"><a href=\"http:\/\/star-events.cc\/site\/es\/tristar-mallorca\/signup\/signup-all\"><strong><em><span style=\"color: blue;\"><span style=\"text-decoration: underline;\">haciendo click directamente aqu\u00ed<\/span><\/span><\/em><\/strong><\/a><\/span><\/span><\/p>\n<p class=\"MsoNormal\" style=\"line-height: normal; margin: 0cm 0cm 0pt;\"><span style=\"font-size: 12pt; mso-fareast-font-family: 'Times New Roman'; mso-fareast-language: ES; mso-ascii-font-family: Calibri; mso-hansi-font-family: Calibri; mso-bidi-font-family: 'Times New Roman';\"><span style=\"font-family: Calibri; color: #000000;\">\u00a0<\/span><\/span><\/p>\n<p class=\"MsoNormal\" style=\"line-height: normal; margin: 0cm 0cm 0pt;\"><span style=\"font-family: Calibri;\"><strong><em><span style=\"font-size: 12pt; mso-fareast-font-family: 'Times New Roman'; mso-fareast-language: ES; mso-ascii-font-family: Calibri; mso-hansi-font-family: Calibri; mso-bidi-font-family: 'Times New Roman';\"><span style=\"color: #000000;\">Para ver los mapas del circuito,\u00a0<\/span><\/span><\/em><\/strong><span style=\"font-size: 12pt; mso-fareast-font-family: 'Times New Roman'; mso-fareast-language: ES; mso-ascii-font-family: Calibri; mso-hansi-font-family: Calibri; mso-bidi-font-family: 'Times New Roman';\"><a href=\"http:\/\/star-events.cc\/site\/es\/trstmanews\/993-mapsonline\"><strong><em><span style=\"color: blue;\"><span style=\"text-decoration: underline;\">haz click aqu\u00ed<\/span><\/span><\/em><\/strong><\/a><\/span><\/span><\/p>\n<p class=\"MsoNormal\" style=\"line-height: normal; margin: 0cm 0cm 0pt;\"><span style=\"font-size: 12pt; mso-fareast-font-family: 'Times New Roman'; mso-fareast-language: ES; mso-ascii-font-family: Calibri; mso-hansi-font-family: Calibri; mso-bidi-font-family: 'Times New Roman';\"><span style=\"font-family: Calibri; color: #000000;\">\u00a0<\/span><\/span><\/p>\n","protected":false},"excerpt":{"rendered":"<p>\u00a0 \u00a0\u00a0\u00a0\u00a0\u00a0\u00a0\u00a0\u00a0\u00a0\u00a0\u00a0\u00a0\u00a0\u00a0\u00a0\u00a0\u00a0\u00a0\u00a0\u00a0\u00a0 \u00a0 Tenemos el placer de informarte del acuerdo al que la Federaci\u00f3n Balear de Triatl\u00f3n y el TriStar Mallorca han llegado. Todos los triatletas federados en Baleares obtendr\u00e1n un 20% de descuento especial sobre el precio oficial de la inscripci\u00f3n hasta el 11 de marzo\u00a0del TriStar111 Mallorca o del TriStar55.5 Mallorca. \u00a0 La &#8230;<\/p>\n","protected":false},"author":1,"featured_media":0,"comment_status":"open","ping_status":"open","sticky":false,"template":"","format":"standard","meta":{"_uag_custom_page_level_css":"","footnotes":""},"categories":[37],"tags":[],"class_list":["post-52","post","type-post","status-publish","format-standard","hentry","category-latest-news"],"uagb_featured_image_src":{"full":false,"thumbnail":false,"medium":false,"medium_large":false,"large":false,"1536x1536":false,"2048x2048":false,"tie-small":false,"tie-large":false,"slider":false},"uagb_author_info":{"display_name":"admin","author_link":"https:\/\/fetrib.com\/web\/author\/admin\/"},"uagb_comment_info":0,"uagb_excerpt":"\u00a0 \u00a0\u00a0\u00a0\u00a0\u00a0\u00a0\u00a0\u00a0\u00a0\u00a0\u00a0\u00a0\u00a0\u00a0\u00a0\u00a0\u00a0\u00a0\u00a0\u00a0\u00a0 \u00a0 Tenemos el placer de informarte del acuerdo al que la Federaci\u00f3n Balear de Triatl\u00f3n y el TriStar Mallorca han llegado. Todos los triatletas federados en Baleares obtendr\u00e1n un 20% de descuento especial sobre el precio oficial de la inscripci\u00f3n hasta el 11 de marzo\u00a0del TriStar111 Mallorca o del TriStar55.5 Mallorca. \u00a0 La&hellip;","_links":{"self":[{"href":"https:\/\/fetrib.com\/web\/wp-json\/wp\/v2\/posts\/52","targetHints":{"allow":["GET"]}}],"collection":[{"href":"https:\/\/fetrib.com\/web\/wp-json\/wp\/v2\/posts"}],"about":[{"href":"https:\/\/fetrib.com\/web\/wp-json\/wp\/v2\/types\/post"}],"author":[{"embeddable":true,"href":"https:\/\/fetrib.com\/web\/wp-json\/wp\/v2\/users\/1"}],"replies":[{"embeddable":true,"href":"https:\/\/fetrib.com\/web\/wp-json\/wp\/v2\/comments?post=52"}],"version-history":[{"count":0,"href":"https:\/\/fetrib.com\/web\/wp-json\/wp\/v2\/posts\/52\/revisions"}],"wp:attachment":[{"href":"https:\/\/fetrib.com\/web\/wp-json\/wp\/v2\/media?parent=52"}],"wp:term":[{"taxonomy":"category","embeddable":true,"href":"https:\/\/fetrib.com\/web\/wp-json\/wp\/v2\/categories?post=52"},{"taxonomy":"post_tag","embeddable":true,"href":"https:\/\/fetrib.com\/web\/wp-json\/wp\/v2\/tags?post=52"}],"curies":[{"name":"wp","href":"https:\/\/api.w.org\/{rel}","templated":true}]}}