{"id":522,"date":"2014-11-24T11:14:21","date_gmt":"2014-11-24T11:14:21","guid":{"rendered":"http:\/\/www.fetrib.com\/web2018\/news\/latest-news\/acord-de-col-laboracio-amb-ciclismoenmallorca-com\/"},"modified":"2014-11-24T11:14:21","modified_gmt":"2014-11-24T11:14:21","slug":"acord-de-col-laboracio-amb-ciclismoenmallorca-com","status":"publish","type":"post","link":"https:\/\/fetrib.com\/web\/2014\/11\/24\/acord-de-col-laboracio-amb-ciclismoenmallorca-com\/","title":{"rendered":"Acord de col\u00b7laboraci\u00f3 amb ciclismoenmallorca.com"},"content":{"rendered":"<p><img decoding=\"async\" src=\"images\/ok2.jpg\" border=\"0\" alt=\"\" width=\"75%\" style=\"display: block; margin-left: auto; margin-right: auto;\" \/><\/p>\n<p>La FETRIB i la web www.ciclismoenmallorca.com arriben a un acord de col\u00b7laboraci\u00f3 per tal de fomentar i promoure el triatl\u00f3 a Mallorca.<\/p>\n<p>La web mostrar\u00e0 al seu calendari totes les proves de triatl\u00f3, duatl\u00f3 i aquatl\u00f3 que es disputin a Mallorca, a m\u00e9s mostrar\u00e0 informaci\u00f3 dels clubs de triatl\u00f3 i permetr\u00e0 als usuaris organitzar trobades per anar a visitar els recorreguts de les proves.<\/p>\n<p>www.ciclismoenmallorca.com cont\u00e9 gran varietat de rutes i altimetries que serveixen d&#8217;ajuda a tots aquells que disfruten del ciclisme.<\/p>\n","protected":false},"excerpt":{"rendered":"<p>La FETRIB i la web www.ciclismoenmallorca.com arriben a un acord de col\u00b7laboraci\u00f3 per tal de fomentar i promoure el triatl\u00f3 a Mallorca. La web mostrar\u00e0 al seu calendari totes les proves de triatl\u00f3, duatl\u00f3 i aquatl\u00f3 que es disputin a Mallorca, a m\u00e9s mostrar\u00e0 informaci\u00f3 dels clubs de triatl\u00f3 i permetr\u00e0 als usuaris organitzar trobades &#8230;<\/p>\n","protected":false},"author":1,"featured_media":0,"comment_status":"open","ping_status":"open","sticky":false,"template":"","format":"standard","meta":{"_uag_custom_page_level_css":"","footnotes":""},"categories":[37],"tags":[],"class_list":["post-522","post","type-post","status-publish","format-standard","hentry","category-latest-news"],"uagb_featured_image_src":{"full":false,"thumbnail":false,"medium":false,"medium_large":false,"large":false,"1536x1536":false,"2048x2048":false,"tie-small":false,"tie-large":false,"slider":false},"uagb_author_info":{"display_name":"admin","author_link":"https:\/\/fetrib.com\/web\/author\/admin\/"},"uagb_comment_info":0,"uagb_excerpt":"La FETRIB i la web www.ciclismoenmallorca.com arriben a un acord de col\u00b7laboraci\u00f3 per tal de fomentar i promoure el triatl\u00f3 a Mallorca. La web mostrar\u00e0 al seu calendari totes les proves de triatl\u00f3, duatl\u00f3 i aquatl\u00f3 que es disputin a Mallorca, a m\u00e9s mostrar\u00e0 informaci\u00f3 dels clubs de triatl\u00f3 i permetr\u00e0 als usuaris organitzar trobades&hellip;","_links":{"self":[{"href":"https:\/\/fetrib.com\/web\/wp-json\/wp\/v2\/posts\/522","targetHints":{"allow":["GET"]}}],"collection":[{"href":"https:\/\/fetrib.com\/web\/wp-json\/wp\/v2\/posts"}],"about":[{"href":"https:\/\/fetrib.com\/web\/wp-json\/wp\/v2\/types\/post"}],"author":[{"embeddable":true,"href":"https:\/\/fetrib.com\/web\/wp-json\/wp\/v2\/users\/1"}],"replies":[{"embeddable":true,"href":"https:\/\/fetrib.com\/web\/wp-json\/wp\/v2\/comments?post=522"}],"version-history":[{"count":0,"href":"https:\/\/fetrib.com\/web\/wp-json\/wp\/v2\/posts\/522\/revisions"}],"wp:attachment":[{"href":"https:\/\/fetrib.com\/web\/wp-json\/wp\/v2\/media?parent=522"}],"wp:term":[{"taxonomy":"category","embeddable":true,"href":"https:\/\/fetrib.com\/web\/wp-json\/wp\/v2\/categories?post=522"},{"taxonomy":"post_tag","embeddable":true,"href":"https:\/\/fetrib.com\/web\/wp-json\/wp\/v2\/tags?post=522"}],"curies":[{"name":"wp","href":"https:\/\/api.w.org\/{rel}","templated":true}]}}